{"id":10329,"date":"2026-01-20T16:36:40","date_gmt":"2026-01-20T15:36:40","guid":{"rendered":"https:\/\/www.villa-berlioz-hotel-lyon.com\/?p=10329"},"modified":"2026-04-21T18:47:17","modified_gmt":"2026-04-21T16:47:17","slug":"sejour-couple-lyon-hiver-villa-berlioz","status":"publish","type":"post","link":"https:\/\/www.villa-berlioz-hotel-lyon.com\/fr\/sejour-couple-lyon-hiver-villa-berlioz\/","title":{"rendered":"S\u00e9jour en couple \u00e0 Lyon en hiver : d\u00e9tente et culture \u00e0 deux"},"content":{"rendered":"\t\t<div data-elementor-type=\"wp-post\" data-elementor-id=\"10329\" class=\"elementor elementor-10329\" data-elementor-post-type=\"post\">\n\t\t\t\t\t\t<section class=\"elementor-section elementor-top-section elementor-element elementor-element-57f2f17 elementor-section-full_width elementor-section-height-default elementor-section-height-default\" data-id=\"57f2f17\" data-element_type=\"section\" data-e-type=\"section\">\n\t\t\t\t\t\t<div class=\"elementor-container elementor-column-gap-default\">\n\t\t\t\t\t<div class=\"elementor-column elementor-col-100 elementor-top-column elementor-element elementor-element-b80e769\" data-id=\"b80e769\" data-element_type=\"column\" data-e-type=\"column\">\n\t\t\t<div class=\"elementor-widget-wrap elementor-element-populated\">\n\t\t\t\t\t\t<div class=\"elementor-element elementor-element-5595cd7 elementor-widget elementor-widget-text-editor\" data-id=\"5595cd7\" data-element_type=\"widget\" data-e-type=\"widget\" data-widget_type=\"text-editor.default\">\n\t\t\t\t<div class=\"elementor-widget-container\">\n\t\t\t\t\t\t\t\t\t<h1>S\u00e9jour en couple \u00e0 Lyon en hiver \u00e0 l&rsquo;h\u00f4tel Villa Berlioz<\/h1><p>Lorsque l\u2019hiver enveloppe Lyon d\u2019une lumi\u00e8re douce et d\u2019une atmosph\u00e8re feutr\u00e9e, la ville devient le d\u00e9cor id\u00e9al pour un <strong>s\u00e9jour en couple \u00e0 Lyon en hiver.<\/strong><br \/>Entre promenades romantiques, d\u00e9couvertes culturelles et instants de d\u00e9tente, s\u00e9journer \u00e0 l\u2019<strong>H\u00f4tel Villa Berlioz Lyon<\/strong> offre un cadre propice \u00e0 une escapade \u00e0 deux, chaleureuse et ressour\u00e7ante.<\/p><p>Situ\u00e9 dans le quartier Perrache, l\u2019h\u00f4tel permet de rejoindre facilement les principaux lieux embl\u00e9matiques de Lyon, tout en profitant d\u2019un environnement calme et central, particuli\u00e8rement appr\u00e9ci\u00e9 durant la saison hivernale.<\/p>\t\t\t\t\t\t\t\t<\/div>\n\t\t\t\t<\/div>\n\t\t\t\t<div class=\"elementor-element elementor-element-6365071 elementor-widget elementor-widget-heading\" data-id=\"6365071\" data-element_type=\"widget\" data-e-type=\"widget\" data-widget_type=\"heading.default\">\n\t\t\t\t<div class=\"elementor-widget-container\">\n\t\t\t\t\t<h2 class=\"elementor-heading-title elementor-size-default\">Pourquoi choisir Lyon pour un s\u00e9jour romantique en hiver ?<\/h2>\t\t\t\t<\/div>\n\t\t\t\t<\/div>\n\t\t\t\t<div class=\"elementor-element elementor-element-41e384e elementor-widget elementor-widget-text-editor\" data-id=\"41e384e\" data-element_type=\"widget\" data-e-type=\"widget\" data-widget_type=\"text-editor.default\">\n\t\t\t\t<div class=\"elementor-widget-container\">\n\t\t\t\t\t\t\t\t\t<p>Lyon r\u00e9v\u00e8le en hiver un charme singulier.<br \/>Les rues illumin\u00e9es, les places plus paisibles et l\u2019ambiance intimiste des quartiers historiques invitent \u00e0 ralentir et \u00e0 savourer chaque instant \u00e0 deux.<\/p><p>La ville est id\u00e9ale pour :<\/p><ul><li aria-level=\"1\">Profiter de promenades sans la foule estivale,<\/li><li aria-level=\"1\">D\u00e9couvrir les mus\u00e9es et spectacles bien au chaud,<\/li><li aria-level=\"1\">Partager des moments gourmands dans une atmosph\u00e8re cosy.<br \/><br \/><\/li><\/ul><p>Un <strong>week-end en couple \u00e0 Lyon en hiver<\/strong> permet ainsi d\u2019allier culture, d\u00e9tente et romantisme.<\/p>\t\t\t\t\t\t\t\t<\/div>\n\t\t\t\t<\/div>\n\t\t\t\t<div class=\"elementor-element elementor-element-c51855c elementor-arrows-position-inside elementor-widget elementor-widget-image-carousel\" data-id=\"c51855c\" data-element_type=\"widget\" data-e-type=\"widget\" data-settings=\"{&quot;slides_to_show&quot;:&quot;3&quot;,&quot;slides_to_scroll&quot;:&quot;1&quot;,&quot;navigation&quot;:&quot;arrows&quot;,&quot;image_spacing_custom&quot;:{&quot;unit&quot;:&quot;px&quot;,&quot;size&quot;:10,&quot;sizes&quot;:[]},&quot;autoplay&quot;:&quot;yes&quot;,&quot;pause_on_hover&quot;:&quot;yes&quot;,&quot;pause_on_interaction&quot;:&quot;yes&quot;,&quot;autoplay_speed&quot;:5000,&quot;infinite&quot;:&quot;yes&quot;,&quot;speed&quot;:500,&quot;image_spacing_custom_tablet&quot;:{&quot;unit&quot;:&quot;px&quot;,&quot;size&quot;:&quot;&quot;,&quot;sizes&quot;:[]},&quot;image_spacing_custom_mobile&quot;:{&quot;unit&quot;:&quot;px&quot;,&quot;size&quot;:&quot;&quot;,&quot;sizes&quot;:[]}}\" data-widget_type=\"image-carousel.default\">\n\t\t\t\t<div class=\"elementor-widget-container\">\n\t\t\t\t\t\t\t<div class=\"elementor-image-carousel-wrapper swiper\" role=\"region\" aria-roledescription=\"carousel\" aria-label=\"Carrousel d\u2019images\" dir=\"ltr\">\n\t\t\t<div class=\"elementor-image-carousel swiper-wrapper\" aria-live=\"off\">\n\t\t\t\t\t\t\t\t<div class=\"swiper-slide\" role=\"group\" aria-roledescription=\"slide\" aria-label=\"1 sur 4\"><figure class=\"swiper-slide-inner\"><img decoding=\"async\" class=\"swiper-slide-image\" src=\"https:\/\/www.villa-berlioz-hotel-lyon.com\/wp-content\/uploads\/elementor\/thumbs\/sejour-couple-lyon-hiver-passerelle-saint-georges-villa-berlioz-rhxwcmt5x1iydg5446kq52tjyyzhmrh85uas0wa9iw.webp\" alt=\"Passerelle Saint-Georges a Lyon avec vue sur la Saone et le quartier Saint-Georges\" \/><\/figure><\/div><div class=\"swiper-slide\" role=\"group\" aria-roledescription=\"slide\" aria-label=\"2 sur 4\"><figure class=\"swiper-slide-inner\"><img decoding=\"async\" class=\"swiper-slide-image\" src=\"https:\/\/www.villa-berlioz-hotel-lyon.com\/wp-content\/uploads\/elementor\/thumbs\/hotel-villa-berlioz-place-bellecour-lyon-rhxt3lwj1lbsx64lgliuplxlhzsdbcwa2mcj2pss6w.webp\" alt=\"Place Bellecour a Lyon avec statue equestre et vue sur la colline de Fourviere\" \/><\/figure><\/div><div class=\"swiper-slide\" role=\"group\" aria-roledescription=\"slide\" aria-label=\"3 sur 4\"><figure class=\"swiper-slide-inner\"><img decoding=\"async\" class=\"swiper-slide-image\" src=\"https:\/\/www.villa-berlioz-hotel-lyon.com\/wp-content\/uploads\/elementor\/thumbs\/hotel-villa-berlioz-lyon-quais-saone-soir-rhxq97dihd582ivhfc022g7rosisqgd0nrq6vhmu2g.webp\" alt=\"Vue des quais de Saone a Lyon au crepuscule, a proximite de l\u2019Hotel Villa Berlioz\" \/><\/figure><\/div><div class=\"swiper-slide\" role=\"group\" aria-roledescription=\"slide\" aria-label=\"4 sur 4\"><figure class=\"swiper-slide-inner\"><img decoding=\"async\" class=\"swiper-slide-image\" src=\"https:\/\/www.villa-berlioz-hotel-lyon.com\/wp-content\/uploads\/elementor\/thumbs\/sejour-couple-lyon-hiver-quais-saone-villa-berlioz-rhxwclvbq7ho1u6h9o63kl23dl44f2dhtpnajmbnp4.webp\" alt=\"Quais de Saone a Lyon au crepuscule avec eglise, immeubles illumines et reflets sur l\u2019eau\" \/><\/figure><\/div>\t\t\t<\/div>\n\t\t\t\t\t\t\t\t\t\t\t\t<div class=\"elementor-swiper-button elementor-swiper-button-prev\" role=\"button\" tabindex=\"0\">\n\t\t\t\t\t\t<svg xmlns=\"http:\/\/www.w3.org\/2000\/svg\" width=\"100pt\" height=\"100pt\" viewBox=\"0 0 100 100\"><path d=\"m50 5c-24.898 0-45 20.102-45 45s20.102 45 45 45 45-20.102 45-45-20.102-45-45-45zm18.398 65.699c0.60156 0.60156 0.60156 1.6016 0.19922 2.3008 0 0-1.5 3.1016-4.5 6.1016s-6.1016 4.5-6.1016 4.5c-0.69922 0.39844-1.6992 0.39844-2.3008-0.19922l-32-32c-0.80078-0.80078-0.80078-2 0-2.8008l32-32c0.60156-0.60156 1.6016-0.60156 2.3008-0.19922 0 0 3.1016 1.5 6.1016 4.5s4.5 6.1016 4.5 6.1016c0.39844 0.69922 0.39844 1.6992-0.19922 2.3008l-20.699 20.695z\" fill=\"#fff\"><\/path><\/svg>\t\t\t\t\t<\/div>\n\t\t\t\t\t<div class=\"elementor-swiper-button elementor-swiper-button-next\" role=\"button\" tabindex=\"0\">\n\t\t\t\t\t\t<svg xmlns=\"http:\/\/www.w3.org\/2000\/svg\" width=\"100pt\" height=\"100pt\" viewBox=\"0 0 100 100\"><path d=\"m50 5c-24.898 0-45 20.102-45 45s20.102 45 45 45 45-20.102 45-45-20.102-45-45-45zm26.398 46.398-32 32c-0.60156 0.60156-1.6016 0.60156-2.3008 0.19922 0 0-3.1016-1.5-6.1016-4.5s-4.5-6.1016-4.5-6.1016c-0.39844-0.69922-0.39844-1.6992 0.19922-2.3008l20.605-20.695-20.699-20.699c-0.60156-0.60156-0.60156-1.6016-0.19922-2.3008 0 0 1.5-3.1016 4.5-6.1016s6.1016-4.5 6.1016-4.5c0.69922-0.39844 1.6992-0.39844 2.3008 0.19922l32 32c0.89453 0.80078 0.89453 2.0039 0.09375 2.8008z\" fill=\"#fff\"><\/path><\/svg>\t\t\t\t\t<\/div>\n\t\t\t\t\n\t\t\t\t\t\t\t\t\t<\/div>\n\t\t\t\t\t\t<\/div>\n\t\t\t\t<\/div>\n\t\t\t\t<div class=\"elementor-element elementor-element-9865103 elementor-widget elementor-widget-heading\" data-id=\"9865103\" data-element_type=\"widget\" data-e-type=\"widget\" data-widget_type=\"heading.default\">\n\t\t\t\t<div class=\"elementor-widget-container\">\n\t\t\t\t\t<h2 class=\"elementor-heading-title elementor-size-default\">Des promenades romantiques \u00e0 partager \u00e0 deux<\/h2>\t\t\t\t<\/div>\n\t\t\t\t<\/div>\n\t\t\t\t<div class=\"elementor-element elementor-element-7bf7629 elementor-widget elementor-widget-heading\" data-id=\"7bf7629\" data-element_type=\"widget\" data-e-type=\"widget\" data-widget_type=\"heading.default\">\n\t\t\t\t<div class=\"elementor-widget-container\">\n\t\t\t\t\t<h3 class=\"elementor-heading-title elementor-size-default\">La colline de Fourvi\u00e8re<\/h3>\t\t\t\t<\/div>\n\t\t\t\t<\/div>\n\t\t\t\t<div class=\"elementor-element elementor-element-db40095 elementor-widget elementor-widget-text-editor\" data-id=\"db40095\" data-element_type=\"widget\" data-e-type=\"widget\" data-widget_type=\"text-editor.default\">\n\t\t\t\t<div class=\"elementor-widget-container\">\n\t\t\t\t\t\t\t\t\t<p>La <strong>Colline de Fourvi\u00e8re<\/strong> offre l\u2019un des plus beaux panoramas sur Lyon.<br \/>En hiver, l\u2019atmosph\u00e8re y est plus calme, propice \u00e0 une promenade en duo et \u00e0 l\u2019admiration des lumi\u00e8res de la ville. C\u2019est un lieu embl\u00e9matique pour prendre le temps, se retrouver et partager un moment hors du temps.<\/p>\t\t\t\t\t\t\t\t<\/div>\n\t\t\t\t<\/div>\n\t\t\t\t<div class=\"elementor-element elementor-element-8419808 elementor-widget elementor-widget-heading\" data-id=\"8419808\" data-element_type=\"widget\" data-e-type=\"widget\" data-widget_type=\"heading.default\">\n\t\t\t\t<div class=\"elementor-widget-container\">\n\t\t\t\t\t<h3 class=\"elementor-heading-title elementor-size-default\">Les quais du Rh\u00f4ne et de la Sa\u00f4ne<\/h3>\t\t\t\t<\/div>\n\t\t\t\t<\/div>\n\t\t\t\t<div class=\"elementor-element elementor-element-218896f elementor-widget elementor-widget-text-editor\" data-id=\"218896f\" data-element_type=\"widget\" data-e-type=\"widget\" data-widget_type=\"text-editor.default\">\n\t\t\t\t<div class=\"elementor-widget-container\">\n\t\t\t\t\t\t\t\t\t<p>Les quais du Rh\u00f4ne et de la Sa\u00f4ne sont parfaits pour une marche tranquille en couple.<br \/>En hiver, les reflets des lumi\u00e8res sur l\u2019eau cr\u00e9ent une ambiance douce et apaisante. Le rythme lent des fleuves accompagne naturellement une promenade complice, id\u00e9ale pour se recentrer et profiter de l\u2019instant pr\u00e9sent.<\/p>\t\t\t\t\t\t\t\t<\/div>\n\t\t\t\t<\/div>\n\t\t\t\t<div class=\"elementor-element elementor-element-b7c2cf0 elementor-widget elementor-widget-heading\" data-id=\"b7c2cf0\" data-element_type=\"widget\" data-e-type=\"widget\" data-widget_type=\"heading.default\">\n\t\t\t\t<div class=\"elementor-widget-container\">\n\t\t\t\t\t<h3 class=\"elementor-heading-title elementor-size-default\">Le Vieux Lyon et ses traboules<\/h3>\t\t\t\t<\/div>\n\t\t\t\t<\/div>\n\t\t\t\t<div class=\"elementor-element elementor-element-810d6a2 elementor-widget elementor-widget-text-editor\" data-id=\"810d6a2\" data-element_type=\"widget\" data-e-type=\"widget\" data-widget_type=\"text-editor.default\">\n\t\t\t\t<div class=\"elementor-widget-container\">\n\t\t\t\t\t\t\t\t\t<p>Le <strong>Vieux Lyon<\/strong> s\u00e9duit par ses ruelles pav\u00e9es, ses fa\u00e7ades anciennes et ses c\u00e9l\u00e8bres traboules.<br \/>Ce quartier au charme intemporel est parfait pour une balade main dans la main, \u00e0 la d\u00e9couverte de l\u2019histoire lyonnaise et de passages secrets charg\u00e9s de myst\u00e8re.<\/p>\t\t\t\t\t\t\t\t<\/div>\n\t\t\t\t<\/div>\n\t\t\t\t<div class=\"elementor-element elementor-element-639079b elementor-widget elementor-widget-image-carousel\" data-id=\"639079b\" data-element_type=\"widget\" data-e-type=\"widget\" data-settings=\"{&quot;slides_to_show&quot;:&quot;3&quot;,&quot;slides_to_scroll&quot;:&quot;1&quot;,&quot;navigation&quot;:&quot;none&quot;,&quot;image_spacing_custom&quot;:{&quot;unit&quot;:&quot;px&quot;,&quot;size&quot;:10,&quot;sizes&quot;:[]},&quot;speed&quot;:500,&quot;image_spacing_custom_tablet&quot;:{&quot;unit&quot;:&quot;px&quot;,&quot;size&quot;:&quot;&quot;,&quot;sizes&quot;:[]},&quot;image_spacing_custom_mobile&quot;:{&quot;unit&quot;:&quot;px&quot;,&quot;size&quot;:&quot;&quot;,&quot;sizes&quot;:[]}}\" data-widget_type=\"image-carousel.default\">\n\t\t\t\t<div class=\"elementor-widget-container\">\n\t\t\t\t\t\t\t<div class=\"elementor-image-carousel-wrapper swiper\" role=\"region\" aria-roledescription=\"carousel\" aria-label=\"Carrousel d\u2019images\" dir=\"ltr\">\n\t\t\t<div class=\"elementor-image-carousel swiper-wrapper\" aria-live=\"polite\">\n\t\t\t\t\t\t\t\t<div class=\"swiper-slide\" role=\"group\" aria-roledescription=\"slide\" aria-label=\"1 sur 3\"><figure class=\"swiper-slide-inner\"><img decoding=\"async\" class=\"swiper-slide-image\" src=\"https:\/\/www.villa-berlioz-hotel-lyon.com\/wp-content\/uploads\/elementor\/thumbs\/colline-fourviere-lyon-vue-panoramique-villa-berlioz-rhxwkjma1rr1waqa4k49omdehe3iqxhr6w9hifsl64.webp\" alt=\"Vue panoramique de la colline de Fourviere a Lyon avec basilique et ville en arriere-plan\" \/><\/figure><\/div><div class=\"swiper-slide\" role=\"group\" aria-roledescription=\"slide\" aria-label=\"2 sur 3\"><figure class=\"swiper-slide-inner\"><img decoding=\"async\" class=\"swiper-slide-image\" src=\"https:\/\/www.villa-berlioz-hotel-lyon.com\/wp-content\/uploads\/elementor\/thumbs\/hotel-villa-berlioz-lyon-quais-saone-soir-rhxq97dj3ajfviycmsfn4hmy7gmm2byvlo0ry6vg30.webp\" alt=\"Vue des quais de Saone a Lyon au crepuscule, a proximite de l\u2019Hotel Villa Berlioz\" \/><\/figure><\/div><div class=\"swiper-slide\" role=\"group\" aria-roledescription=\"slide\" aria-label=\"3 sur 3\"><figure class=\"swiper-slide-inner\"><img decoding=\"async\" class=\"swiper-slide-image\" src=\"https:\/\/www.villa-berlioz-hotel-lyon.com\/wp-content\/uploads\/elementor\/thumbs\/vieux-lyon-traboules-cour-architecture-villa-berlioz-rhxwngw7b7r60mhd1tmhfvt10jomp13oxdbv9fght8.webp\" alt=\"Cour interieure du Vieux Lyon avec traboule, tour rose, balcons et vegetation\" \/><\/figure><\/div>\t\t\t<\/div>\n\t\t\t\t\t\t\t\n\t\t\t\t\t\t\t\t\t<\/div>\n\t\t\t\t\t\t<\/div>\n\t\t\t\t<\/div>\n\t\t\t\t<div class=\"elementor-element elementor-element-c91dc91 elementor-widget elementor-widget-heading\" data-id=\"c91dc91\" data-element_type=\"widget\" data-e-type=\"widget\" data-widget_type=\"heading.default\">\n\t\t\t\t<div class=\"elementor-widget-container\">\n\t\t\t\t\t<h2 class=\"elementor-heading-title elementor-size-default\">Culture et instants partag\u00e9s en hiver<\/h2>\t\t\t\t<\/div>\n\t\t\t\t<\/div>\n\t\t\t\t<div class=\"elementor-element elementor-element-ddc80e2 elementor-widget elementor-widget-heading\" data-id=\"ddc80e2\" data-element_type=\"widget\" data-e-type=\"widget\" data-widget_type=\"heading.default\">\n\t\t\t\t<div class=\"elementor-widget-container\">\n\t\t\t\t\t<h3 class=\"elementor-heading-title elementor-size-default\">Le Mus\u00e9e des Confluences<\/h3>\t\t\t\t<\/div>\n\t\t\t\t<\/div>\n\t\t\t\t<div class=\"elementor-element elementor-element-7ac88da elementor-widget elementor-widget-text-editor\" data-id=\"7ac88da\" data-element_type=\"widget\" data-e-type=\"widget\" data-widget_type=\"text-editor.default\">\n\t\t\t\t<div class=\"elementor-widget-container\">\n\t\t\t\t\t\t\t\t\t<p>Situ\u00e9 \u00e0 quelques minutes de l\u2019h\u00f4tel, le <strong>Mus\u00e9e des Confluences<\/strong> surprend par son architecture contemporaine et la richesse de ses expositions.<br \/>Une visite \u00e0 deux permet de partager r\u00e9flexions, d\u00e9couvertes et discussions, dans un cadre immersif et confortable, id\u00e9al pour un apr\u00e8s-midi culturel en hiver.<\/p>\t\t\t\t\t\t\t\t<\/div>\n\t\t\t\t<\/div>\n\t\t\t\t<div class=\"elementor-element elementor-element-ff1ae69 elementor-widget elementor-widget-heading\" data-id=\"ff1ae69\" data-element_type=\"widget\" data-e-type=\"widget\" data-widget_type=\"heading.default\">\n\t\t\t\t<div class=\"elementor-widget-container\">\n\t\t\t\t\t<h3 class=\"elementor-heading-title elementor-size-default\">Th\u00e9\u00e2tres, op\u00e9ras et spectacles<\/h3>\t\t\t\t<\/div>\n\t\t\t\t<\/div>\n\t\t\t\t<div class=\"elementor-element elementor-element-8498e66 elementor-widget elementor-widget-text-editor\" data-id=\"8498e66\" data-element_type=\"widget\" data-e-type=\"widget\" data-widget_type=\"text-editor.default\">\n\t\t\t\t<div class=\"elementor-widget-container\">\n\t\t\t\t\t\t\t\t\t<p>L\u2019hiver est une p\u00e9riode particuli\u00e8rement riche en repr\u00e9sentations \u00e0 Lyon.<br \/>Assister \u00e0 un spectacle \u00e0 l\u2019Op\u00e9ra ou dans une salle intimiste de la Presqu\u2019\u00eele ajoute une touche \u00e9l\u00e9gante et raffin\u00e9e \u00e0 un <strong>s\u00e9jour romantique \u00e0 Lyon<\/strong>, parfait pour prolonger la soir\u00e9e \u00e0 deux.<\/p>\t\t\t\t\t\t\t\t<\/div>\n\t\t\t\t<\/div>\n\t\t\t\t<div class=\"elementor-element elementor-element-43a5caa elementor-widget elementor-widget-image-carousel\" data-id=\"43a5caa\" data-element_type=\"widget\" data-e-type=\"widget\" data-settings=\"{&quot;slides_to_show&quot;:&quot;3&quot;,&quot;slides_to_scroll&quot;:&quot;1&quot;,&quot;navigation&quot;:&quot;none&quot;,&quot;image_spacing_custom&quot;:{&quot;unit&quot;:&quot;px&quot;,&quot;size&quot;:10,&quot;sizes&quot;:[]},&quot;speed&quot;:500,&quot;image_spacing_custom_tablet&quot;:{&quot;unit&quot;:&quot;px&quot;,&quot;size&quot;:&quot;&quot;,&quot;sizes&quot;:[]},&quot;image_spacing_custom_mobile&quot;:{&quot;unit&quot;:&quot;px&quot;,&quot;size&quot;:&quot;&quot;,&quot;sizes&quot;:[]}}\" data-widget_type=\"image-carousel.default\">\n\t\t\t\t<div class=\"elementor-widget-container\">\n\t\t\t\t\t\t\t<div class=\"elementor-image-carousel-wrapper swiper\" role=\"region\" aria-roledescription=\"carousel\" aria-label=\"Carrousel d\u2019images\" dir=\"ltr\">\n\t\t\t<div class=\"elementor-image-carousel swiper-wrapper\" aria-live=\"polite\">\n\t\t\t\t\t\t\t\t<div class=\"swiper-slide\" role=\"group\" aria-roledescription=\"slide\" aria-label=\"1 sur 3\"><figure class=\"swiper-slide-inner\"><img decoding=\"async\" class=\"swiper-slide-image\" src=\"https:\/\/www.villa-berlioz-hotel-lyon.com\/wp-content\/uploads\/elementor\/thumbs\/cite-enfants-musee-confluences-lyon-rhxry58u6lyolefms4qvs40sos9b3vwdzao220ikoc.webp\" alt=\"Batiment du Musee des Confluences a Lyon abritant la Cite des Enfants\" \/><\/figure><\/div><div class=\"swiper-slide\" role=\"group\" aria-roledescription=\"slide\" aria-label=\"2 sur 3\"><figure class=\"swiper-slide-inner\"><img decoding=\"async\" class=\"swiper-slide-image\" src=\"https:\/\/www.villa-berlioz-hotel-lyon.com\/wp-content\/uploads\/elementor\/thumbs\/theatre-celestins-lyon-facade-villa-berlioz-rhxwwlvpr89iw57hortwokscxen3j3dqulnt89wpbg.webp\" alt=\"Fa\u00e7ade du Theatre des Celestins a Lyon avec architecture classique et place pietonne\" \/><\/figure><\/div><div class=\"swiper-slide\" role=\"group\" aria-roledescription=\"slide\" aria-label=\"3 sur 3\"><figure class=\"swiper-slide-inner\"><img decoding=\"async\" class=\"swiper-slide-image\" src=\"https:\/\/www.villa-berlioz-hotel-lyon.com\/wp-content\/uploads\/elementor\/thumbs\/opera-lyon-place-comedie-villa-berlioz-rhxwwnre4wc3jd4rdsn5tkba46dtyhl7iuys6ttwz0.webp\" alt=\"Opera de Lyon avec facade historique et toiture contemporaine sur la place de la Comedie\" \/><\/figure><\/div>\t\t\t<\/div>\n\t\t\t\t\t\t\t\n\t\t\t\t\t\t\t\t\t<\/div>\n\t\t\t\t\t\t<\/div>\n\t\t\t\t<\/div>\n\t\t\t\t<div class=\"elementor-element elementor-element-fa64670 elementor-widget elementor-widget-heading\" data-id=\"fa64670\" data-element_type=\"widget\" data-e-type=\"widget\" data-widget_type=\"heading.default\">\n\t\t\t\t<div class=\"elementor-widget-container\">\n\t\t\t\t\t<h2 class=\"elementor-heading-title elementor-size-default\">Plaisirs gourmands pour un s\u00e9jour en couple<\/h2>\t\t\t\t<\/div>\n\t\t\t\t<\/div>\n\t\t\t\t<div class=\"elementor-element elementor-element-9e775ab elementor-widget elementor-widget-heading\" data-id=\"9e775ab\" data-element_type=\"widget\" data-e-type=\"widget\" data-widget_type=\"heading.default\">\n\t\t\t\t<div class=\"elementor-widget-container\">\n\t\t\t\t\t<h3 class=\"elementor-heading-title elementor-size-default\">Les Halles Paul Bocuse<\/h3>\t\t\t\t<\/div>\n\t\t\t\t<\/div>\n\t\t\t\t<div class=\"elementor-element elementor-element-0f0381e elementor-widget elementor-widget-text-editor\" data-id=\"0f0381e\" data-element_type=\"widget\" data-e-type=\"widget\" data-widget_type=\"text-editor.default\">\n\t\t\t\t<div class=\"elementor-widget-container\">\n\t\t\t\t\t\t\t\t\t<p>\u00c0 proximit\u00e9 de l\u2019h\u00f4tel, les <strong>Halles Paul Bocuse<\/strong> sont un incontournable pour les amateurs de gastronomie.<br \/>Ce lieu embl\u00e9matique permet de d\u00e9guster des produits locaux et de partager une exp\u00e9rience gourmande, id\u00e9ale lors d\u2019un s\u00e9jour en couple \u00e0 Lyon en hiver.<\/p>\t\t\t\t\t\t\t\t<\/div>\n\t\t\t\t<\/div>\n\t\t\t\t<div class=\"elementor-element elementor-element-fa4665b elementor-widget elementor-widget-heading\" data-id=\"fa4665b\" data-element_type=\"widget\" data-e-type=\"widget\" data-widget_type=\"heading.default\">\n\t\t\t\t<div class=\"elementor-widget-container\">\n\t\t\t\t\t<h3 class=\"elementor-heading-title elementor-size-default\">Salons de th\u00e9 et pauses cocooning<\/h3>\t\t\t\t<\/div>\n\t\t\t\t<\/div>\n\t\t\t\t<div class=\"elementor-element elementor-element-674aebb elementor-widget elementor-widget-text-editor\" data-id=\"674aebb\" data-element_type=\"widget\" data-e-type=\"widget\" data-widget_type=\"text-editor.default\">\n\t\t\t\t<div class=\"elementor-widget-container\">\n\t\t\t\t\t\t\t\t\t<p>Quand les temp\u00e9ratures baissent, les pauses sucr\u00e9es deviennent de v\u00e9ritables moments de r\u00e9confort.<br \/>Lyon regorge de salons de th\u00e9 et de chocolateries artisanales o\u00f9 savourer un chocolat chaud ou une p\u00e2tisserie raffin\u00e9e, dans une ambiance chaleureuse et intimiste.<\/p>\t\t\t\t\t\t\t\t<\/div>\n\t\t\t\t<\/div>\n\t\t\t\t<div class=\"elementor-element elementor-element-d87c149 elementor-widget elementor-widget-image-carousel\" data-id=\"d87c149\" data-element_type=\"widget\" data-e-type=\"widget\" data-settings=\"{&quot;slides_to_show&quot;:&quot;3&quot;,&quot;slides_to_scroll&quot;:&quot;1&quot;,&quot;navigation&quot;:&quot;none&quot;,&quot;image_spacing_custom&quot;:{&quot;unit&quot;:&quot;px&quot;,&quot;size&quot;:10,&quot;sizes&quot;:[]},&quot;speed&quot;:500,&quot;image_spacing_custom_tablet&quot;:{&quot;unit&quot;:&quot;px&quot;,&quot;size&quot;:&quot;&quot;,&quot;sizes&quot;:[]},&quot;image_spacing_custom_mobile&quot;:{&quot;unit&quot;:&quot;px&quot;,&quot;size&quot;:&quot;&quot;,&quot;sizes&quot;:[]}}\" data-widget_type=\"image-carousel.default\">\n\t\t\t\t<div class=\"elementor-widget-container\">\n\t\t\t\t\t\t\t<div class=\"elementor-image-carousel-wrapper swiper\" role=\"region\" aria-roledescription=\"carousel\" aria-label=\"Carrousel d\u2019images\" dir=\"ltr\">\n\t\t\t<div class=\"elementor-image-carousel swiper-wrapper\" aria-live=\"polite\">\n\t\t\t\t\t\t\t\t<div class=\"swiper-slide\" role=\"group\" aria-roledescription=\"slide\" aria-label=\"1 sur 3\"><figure class=\"swiper-slide-inner\"><img decoding=\"async\" class=\"swiper-slide-image\" src=\"https:\/\/www.villa-berlioz-hotel-lyon.com\/wp-content\/uploads\/elementor\/thumbs\/halles-paul-bocuse-lyon-interieur-villa-berlioz-rhxx609m3l4qzrjysu3lm7eas4b8i4p454ilzvyz3g.webp\" alt=\"Etals gourmands des Halles Paul Bocuse a Lyon avec produits frais et specialites locales\" \/><\/figure><\/div><div class=\"swiper-slide\" role=\"group\" aria-roledescription=\"slide\" aria-label=\"2 sur 3\"><figure class=\"swiper-slide-inner\"><img decoding=\"async\" class=\"swiper-slide-image\" src=\"https:\/\/www.villa-berlioz-hotel-lyon.com\/wp-content\/uploads\/elementor\/thumbs\/fresque-paul-bocuse-lyon-villa-berlioz-rhxx9pqp227gse635fsmg9pr4u1cv5ezzh5k56h2jw.webp\" alt=\"Fresque murale representant le chef Paul Bocuse sur un immeuble a Lyon\" \/><\/figure><\/div><div class=\"swiper-slide\" role=\"group\" aria-roledescription=\"slide\" aria-label=\"3 sur 3\"><figure class=\"swiper-slide-inner\"><img decoding=\"async\" class=\"swiper-slide-image\" src=\"https:\/\/www.villa-berlioz-hotel-lyon.com\/wp-content\/uploads\/elementor\/thumbs\/halles-lyon-paul-bocuse-facade-villa-berlioz-rhxxd9kqvj2gnd0eez1vvdgfx8j9xziht1vlet7j1o.webp\" alt=\"Facade des Halles de Lyon Paul Bocuse avec entree vitree et signaletique\" \/><\/figure><\/div>\t\t\t<\/div>\n\t\t\t\t\t\t\t\n\t\t\t\t\t\t\t\t\t<\/div>\n\t\t\t\t\t\t<\/div>\n\t\t\t\t<\/div>\n\t\t\t\t<div class=\"elementor-element elementor-element-23287b1 elementor-widget elementor-widget-heading\" data-id=\"23287b1\" data-element_type=\"widget\" data-e-type=\"widget\" data-widget_type=\"heading.default\">\n\t\t\t\t<div class=\"elementor-widget-container\">\n\t\t\t\t\t<h2 class=\"elementor-heading-title elementor-size-default\">Un h\u00f4tel id\u00e9al pour un s\u00e9jour en couple \u00e0 Lyon en hiver<\/h2>\t\t\t\t<\/div>\n\t\t\t\t<\/div>\n\t\t\t\t<div class=\"elementor-element elementor-element-c0ee448 elementor-widget elementor-widget-text-editor\" data-id=\"c0ee448\" data-element_type=\"widget\" data-e-type=\"widget\" data-widget_type=\"text-editor.default\">\n\t\t\t\t<div class=\"elementor-widget-container\">\n\t\t\t\t\t\t\t\t\t<p>Gr\u00e2ce \u00e0 sa localisation centrale dans le quartier Perrache, l\u2019H\u00f4tel Villa Berlioz Lyon constitue un point de d\u00e9part id\u00e9al pour :<\/p><ul><li aria-level=\"1\">Explorer Lyon \u00e0 pied ou en transports,<\/li><li aria-level=\"1\">Profiter des activit\u00e9s culturelles et gourmandes,<\/li><li aria-level=\"1\">Vivre une escapade romantique \u00e0 Lyon dans un cadre confortable et accessible.<br \/><br \/><\/li><\/ul><p>L\u2019h\u00f4tel offre un \u00e9quilibre recherch\u00e9 entre proximit\u00e9 des lieux embl\u00e9matiques et atmosph\u00e8re propice au repos.<\/p>\t\t\t\t\t\t\t\t<\/div>\n\t\t\t\t<\/div>\n\t\t\t\t<div class=\"elementor-element elementor-element-bd49c6b elementor-arrows-position-inside elementor-widget elementor-widget-image-carousel\" data-id=\"bd49c6b\" data-element_type=\"widget\" data-e-type=\"widget\" data-settings=\"{&quot;slides_to_show&quot;:&quot;2&quot;,&quot;slides_to_scroll&quot;:&quot;1&quot;,&quot;navigation&quot;:&quot;arrows&quot;,&quot;image_spacing_custom&quot;:{&quot;unit&quot;:&quot;px&quot;,&quot;size&quot;:10,&quot;sizes&quot;:[]},&quot;autoplay&quot;:&quot;yes&quot;,&quot;pause_on_hover&quot;:&quot;yes&quot;,&quot;pause_on_interaction&quot;:&quot;yes&quot;,&quot;autoplay_speed&quot;:5000,&quot;infinite&quot;:&quot;yes&quot;,&quot;speed&quot;:500,&quot;image_spacing_custom_tablet&quot;:{&quot;unit&quot;:&quot;px&quot;,&quot;size&quot;:&quot;&quot;,&quot;sizes&quot;:[]},&quot;image_spacing_custom_mobile&quot;:{&quot;unit&quot;:&quot;px&quot;,&quot;size&quot;:&quot;&quot;,&quot;sizes&quot;:[]}}\" data-widget_type=\"image-carousel.default\">\n\t\t\t\t<div class=\"elementor-widget-container\">\n\t\t\t\t\t\t\t<div class=\"elementor-image-carousel-wrapper swiper\" role=\"region\" aria-roledescription=\"carousel\" aria-label=\"Carrousel d\u2019images\" dir=\"ltr\">\n\t\t\t<div class=\"elementor-image-carousel swiper-wrapper\" aria-live=\"off\">\n\t\t\t\t\t\t\t\t<div class=\"swiper-slide\" role=\"group\" aria-roledescription=\"slide\" aria-label=\"1 sur 4\"><figure class=\"swiper-slide-inner\"><img decoding=\"async\" class=\"swiper-slide-image\" src=\"https:\/\/www.villa-berlioz-hotel-lyon.com\/wp-content\/uploads\/elementor\/thumbs\/photo-facade-min-qi028fbl6df42vicwc4qgu5ts51696uo5vl7f7p6p8.jpg\" alt=\"H\u00f4tel villa berlioz lyon centre\" \/><\/figure><\/div><div class=\"swiper-slide\" role=\"group\" aria-roledescription=\"slide\" aria-label=\"2 sur 4\"><figure class=\"swiper-slide-inner\"><img decoding=\"async\" class=\"swiper-slide-image\" src=\"https:\/\/www.villa-berlioz-hotel-lyon.com\/wp-content\/uploads\/elementor\/thumbs\/villa-berlioz-hotel-lyon-chambre-double-rfv1ffwy6zp7dd3skx9xokge36ha6ak6582m23vq5o.webp\" alt=\"Chambre double de l\u2019H\u00f4tel Villa Berlioz \u00e0 Lyon, avec lit confortable, luminaires suspendus et d\u00e9coration chaleureuse.\" \/><\/figure><\/div><div class=\"swiper-slide\" role=\"group\" aria-roledescription=\"slide\" aria-label=\"3 sur 4\"><figure class=\"swiper-slide-inner\"><img decoding=\"async\" class=\"swiper-slide-image\" src=\"https:\/\/www.villa-berlioz-hotel-lyon.com\/wp-content\/uploads\/elementor\/thumbs\/salle-petit-dejeuner-hotel-villa-berlioz-lyon-rfv1mc2cb94wif3cbwjfytu2wwi6mdxb3casr5nsj0.webp\" alt=\"Salle petit-d\u00e9jeuner de l\u2019H\u00f4tel Villa Berlioz \u00e0 Lyon avec d\u00e9coration moderne, miroirs ronds et chaises color\u00e9es.\" \/><\/figure><\/div><div class=\"swiper-slide\" role=\"group\" aria-roledescription=\"slide\" aria-label=\"4 sur 4\"><figure class=\"swiper-slide-inner\"><img decoding=\"async\" class=\"swiper-slide-image\" src=\"https:\/\/www.villa-berlioz-hotel-lyon.com\/wp-content\/uploads\/elementor\/thumbs\/hectors-bar-service-hotel-villa-berlioz-lyon-rfw82z1etpq5ouns5nzby2yldi1ilwiglebzgz4tgs.webp\" alt=\"Cocktails et boissons au comptoir de l\u2019Hector\u2019s Bar de l\u2019H\u00f4tel Villa Berlioz \u00e0 Lyon.\" \/><\/figure><\/div>\t\t\t<\/div>\n\t\t\t\t\t\t\t\t\t\t\t\t<div class=\"elementor-swiper-button elementor-swiper-button-prev\" role=\"button\" tabindex=\"0\">\n\t\t\t\t\t\t<svg xmlns=\"http:\/\/www.w3.org\/2000\/svg\" width=\"100pt\" height=\"100pt\" viewBox=\"0 0 100 100\"><path d=\"m50 5c-24.898 0-45 20.102-45 45s20.102 45 45 45 45-20.102 45-45-20.102-45-45-45zm18.398 65.699c0.60156 0.60156 0.60156 1.6016 0.19922 2.3008 0 0-1.5 3.1016-4.5 6.1016s-6.1016 4.5-6.1016 4.5c-0.69922 0.39844-1.6992 0.39844-2.3008-0.19922l-32-32c-0.80078-0.80078-0.80078-2 0-2.8008l32-32c0.60156-0.60156 1.6016-0.60156 2.3008-0.19922 0 0 3.1016 1.5 6.1016 4.5s4.5 6.1016 4.5 6.1016c0.39844 0.69922 0.39844 1.6992-0.19922 2.3008l-20.699 20.695z\" fill=\"#fff\"><\/path><\/svg>\t\t\t\t\t<\/div>\n\t\t\t\t\t<div class=\"elementor-swiper-button elementor-swiper-button-next\" role=\"button\" tabindex=\"0\">\n\t\t\t\t\t\t<svg xmlns=\"http:\/\/www.w3.org\/2000\/svg\" width=\"100pt\" height=\"100pt\" viewBox=\"0 0 100 100\"><path d=\"m50 5c-24.898 0-45 20.102-45 45s20.102 45 45 45 45-20.102 45-45-20.102-45-45-45zm26.398 46.398-32 32c-0.60156 0.60156-1.6016 0.60156-2.3008 0.19922 0 0-3.1016-1.5-6.1016-4.5s-4.5-6.1016-4.5-6.1016c-0.39844-0.69922-0.39844-1.6992 0.19922-2.3008l20.605-20.695-20.699-20.699c-0.60156-0.60156-0.60156-1.6016-0.19922-2.3008 0 0 1.5-3.1016 4.5-6.1016s6.1016-4.5 6.1016-4.5c0.69922-0.39844 1.6992-0.39844 2.3008 0.19922l32 32c0.89453 0.80078 0.89453 2.0039 0.09375 2.8008z\" fill=\"#fff\"><\/path><\/svg>\t\t\t\t\t<\/div>\n\t\t\t\t\n\t\t\t\t\t\t\t\t\t<\/div>\n\t\t\t\t\t\t<\/div>\n\t\t\t\t<\/div>\n\t\t\t\t\t<\/div>\n\t\t<\/div>\n\t\t\t\t\t<\/div>\n\t\t<\/section>\n\t\t\t\t<\/div>\n\t\t","protected":false},"excerpt":{"rendered":"<p>Lorsque l\u2019hiver enveloppe Lyon d\u2019une lumi\u00e8re douce et d\u2019une atmosph\u00e8re feutr\u00e9e, la ville devient le d\u00e9cor id\u00e9al pour un s\u00e9jour en couple \u00e0 Lyon en hiver.<\/p>\n","protected":false},"author":8,"featured_media":10377,"comment_status":"closed","ping_status":"closed","sticky":false,"template":"","format":"standard","meta":{"_acf_changed":false,"footnotes":""},"categories":[152],"tags":[],"class_list":["post-10329","post","type-post","status-publish","format-standard","has-post-thumbnail","hentry","category-articles"],"acf":[],"_links":{"self":[{"href":"https:\/\/www.villa-berlioz-hotel-lyon.com\/fr\/wp-json\/wp\/v2\/posts\/10329","targetHints":{"allow":["GET"]}}],"collection":[{"href":"https:\/\/www.villa-berlioz-hotel-lyon.com\/fr\/wp-json\/wp\/v2\/posts"}],"about":[{"href":"https:\/\/www.villa-berlioz-hotel-lyon.com\/fr\/wp-json\/wp\/v2\/types\/post"}],"author":[{"embeddable":true,"href":"https:\/\/www.villa-berlioz-hotel-lyon.com\/fr\/wp-json\/wp\/v2\/users\/8"}],"replies":[{"embeddable":true,"href":"https:\/\/www.villa-berlioz-hotel-lyon.com\/fr\/wp-json\/wp\/v2\/comments?post=10329"}],"version-history":[{"count":39,"href":"https:\/\/www.villa-berlioz-hotel-lyon.com\/fr\/wp-json\/wp\/v2\/posts\/10329\/revisions"}],"predecessor-version":[{"id":11348,"href":"https:\/\/www.villa-berlioz-hotel-lyon.com\/fr\/wp-json\/wp\/v2\/posts\/10329\/revisions\/11348"}],"wp:featuredmedia":[{"embeddable":true,"href":"https:\/\/www.villa-berlioz-hotel-lyon.com\/fr\/wp-json\/wp\/v2\/media\/10377"}],"wp:attachment":[{"href":"https:\/\/www.villa-berlioz-hotel-lyon.com\/fr\/wp-json\/wp\/v2\/media?parent=10329"}],"wp:term":[{"taxonomy":"category","embeddable":true,"href":"https:\/\/www.villa-berlioz-hotel-lyon.com\/fr\/wp-json\/wp\/v2\/categories?post=10329"},{"taxonomy":"post_tag","embeddable":true,"href":"https:\/\/www.villa-berlioz-hotel-lyon.com\/fr\/wp-json\/wp\/v2\/tags?post=10329"}],"curies":[{"name":"wp","href":"https:\/\/api.w.org\/{rel}","templated":true}]}}