{"id":10287,"date":"2026-01-20T15:39:11","date_gmt":"2026-01-20T14:39:11","guid":{"rendered":"https:\/\/www.villa-berlioz-hotel-lyon.com\/?p=10287"},"modified":"2026-02-11T17:14:45","modified_gmt":"2026-02-11T16:14:45","slug":"hotel-proche-gare-perrache-villa-berlioz-lyon","status":"publish","type":"post","link":"https:\/\/www.villa-berlioz-hotel-lyon.com\/fr\/hotel-proche-gare-perrache-villa-berlioz-lyon\/","title":{"rendered":"H\u00f4tel proche de la gare Perrache \u00e0 Lyon : s\u00e9journez \u00e0 l\u2019H\u00f4tel Villa Berlioz"},"content":{"rendered":"\t\t<div data-elementor-type=\"wp-post\" data-elementor-id=\"10287\" class=\"elementor elementor-10287\" data-elementor-post-type=\"post\">\n\t\t\t\t\t\t<section class=\"elementor-section elementor-top-section elementor-element elementor-element-5377fba elementor-section-full_width elementor-section-height-default elementor-section-height-default\" data-id=\"5377fba\" data-element_type=\"section\" data-e-type=\"section\">\n\t\t\t\t\t\t<div class=\"elementor-container elementor-column-gap-default\">\n\t\t\t\t\t<div class=\"elementor-column elementor-col-100 elementor-top-column elementor-element elementor-element-580a347\" data-id=\"580a347\" data-element_type=\"column\" data-e-type=\"column\">\n\t\t\t<div class=\"elementor-widget-wrap elementor-element-populated\">\n\t\t\t\t\t\t<div class=\"elementor-element elementor-element-899acf0 elementor-widget elementor-widget-text-editor\" data-id=\"899acf0\" data-element_type=\"widget\" data-e-type=\"widget\" data-widget_type=\"text-editor.default\">\n\t\t\t\t<div class=\"elementor-widget-container\">\n\t\t\t\t\t\t\t\t\t<h1>H\u00f4tel \u00e0 Lyon Perrache, \u00e0 quelques minutes de la gare<\/h1><p>Choisir un <strong>h\u00f4tel proche de la gare Perrache<\/strong> permet de faciliter son s\u00e9jour \u00e0 Lyon d\u00e8s l\u2019arriv\u00e9e.<br \/>Situ\u00e9 dans le quartier Perrache, <strong>H\u00f4tel Villa Berlioz Lyon<\/strong> b\u00e9n\u00e9ficie d\u2019un emplacement strat\u00e9gique, \u00e0 proximit\u00e9 imm\u00e9diate de l\u2019un des principaux p\u00f4les de transport de la ville. Les voyageurs profitent ainsi d\u2019une accessibilit\u00e9 optimale, d\u2019un gain de temps appr\u00e9ciable et d\u2019une mobilit\u00e9 imm\u00e9diate pour se d\u00e9placer dans Lyon.<\/p>\t\t\t\t\t\t\t\t<\/div>\n\t\t\t\t<\/div>\n\t\t\t\t<div class=\"elementor-element elementor-element-e00ddc6 elementor-widget elementor-widget-heading\" data-id=\"e00ddc6\" data-element_type=\"widget\" data-e-type=\"widget\" data-widget_type=\"heading.default\">\n\t\t\t\t<div class=\"elementor-widget-container\">\n\t\t\t\t\t<h2 class=\"elementor-heading-title elementor-size-default\">Un h\u00f4tel \u00e0 quelques minutes \u00e0 pied de la gare Lyon Perrache<\/h2>\t\t\t\t<\/div>\n\t\t\t\t<\/div>\n\t\t\t\t<div class=\"elementor-element elementor-element-31ff437 elementor-widget elementor-widget-text-editor\" data-id=\"31ff437\" data-element_type=\"widget\" data-e-type=\"widget\" data-widget_type=\"text-editor.default\">\n\t\t\t\t<div class=\"elementor-widget-container\">\n\t\t\t\t\t\t\t\t\t<p>La <strong>gare Lyon Perrache<\/strong> constitue l\u2019une des principales portes d\u2019entr\u00e9e du centre-ville.<br \/>S\u00e9journer dans un <strong>h\u00f4tel proche gare Perrache<\/strong> permet d\u2019\u00e9viter les transferts longs, les correspondances inutiles et la fatigue apr\u00e8s un trajet en train.<\/p><p>L\u2019H\u00f4tel Villa Berlioz Lyon se situe <strong>\u00e0 environ 5 minutes \u00e0 pied de la gare<\/strong>, un atout majeur pour :<\/p><ul><li aria-level=\"1\">Les voyageurs professionnels,<\/li><li aria-level=\"1\">Les touristes arrivant en train,<\/li><li aria-level=\"1\">Les familles avec bagages.<\/li><\/ul><p><br \/>Cette proximit\u00e9 directe garantit une arriv\u00e9e fluide et un d\u00e9part sans stress.<\/p>\t\t\t\t\t\t\t\t<\/div>\n\t\t\t\t<\/div>\n\t\t\t\t<div class=\"elementor-element elementor-element-f3a4499 elementor-arrows-position-inside elementor-widget elementor-widget-image-carousel\" data-id=\"f3a4499\" data-element_type=\"widget\" data-e-type=\"widget\" data-settings=\"{&quot;slides_to_show&quot;:&quot;3&quot;,&quot;slides_to_scroll&quot;:&quot;1&quot;,&quot;navigation&quot;:&quot;arrows&quot;,&quot;image_spacing_custom&quot;:{&quot;unit&quot;:&quot;px&quot;,&quot;size&quot;:10,&quot;sizes&quot;:[]},&quot;autoplay&quot;:&quot;yes&quot;,&quot;pause_on_hover&quot;:&quot;yes&quot;,&quot;pause_on_interaction&quot;:&quot;yes&quot;,&quot;autoplay_speed&quot;:5000,&quot;infinite&quot;:&quot;yes&quot;,&quot;speed&quot;:500,&quot;image_spacing_custom_tablet&quot;:{&quot;unit&quot;:&quot;px&quot;,&quot;size&quot;:&quot;&quot;,&quot;sizes&quot;:[]},&quot;image_spacing_custom_mobile&quot;:{&quot;unit&quot;:&quot;px&quot;,&quot;size&quot;:&quot;&quot;,&quot;sizes&quot;:[]}}\" data-widget_type=\"image-carousel.default\">\n\t\t\t\t<div class=\"elementor-widget-container\">\n\t\t\t\t\t\t\t<div class=\"elementor-image-carousel-wrapper swiper\" role=\"region\" aria-roledescription=\"carousel\" aria-label=\"Carrousel d\u2019images\" dir=\"ltr\">\n\t\t\t<div class=\"elementor-image-carousel swiper-wrapper\" aria-live=\"off\">\n\t\t\t\t\t\t\t\t<div class=\"swiper-slide\" role=\"group\" aria-roledescription=\"slide\" aria-label=\"1 sur 7\"><figure class=\"swiper-slide-inner\"><img decoding=\"async\" class=\"swiper-slide-image\" src=\"https:\/\/www.villa-berlioz-hotel-lyon.com\/wp-content\/uploads\/elementor\/thumbs\/gare-lyon-perrache-proximite-hotel-villa-berlioz-rhxsrc4dtgj1cfyb4ak75peyaw9utm6fpvqbinztfc.webp\" alt=\"Gare de Lyon Perrache avec passerelle et batiment principal en centre-ville\" \/><\/figure><\/div><div class=\"swiper-slide\" role=\"group\" aria-roledescription=\"slide\" aria-label=\"2 sur 7\"><figure class=\"swiper-slide-inner\"><img decoding=\"async\" class=\"swiper-slide-image\" src=\"https:\/\/www.villa-berlioz-hotel-lyon.com\/wp-content\/uploads\/elementor\/thumbs\/photo-facade-min-qi028fbkkg0w9vfhovp5esqn9gxcxb8t7zamcigkoo.jpg\" alt=\"H\u00f4tel villa berlioz lyon centre\" \/><\/figure><\/div><div class=\"swiper-slide\" role=\"group\" aria-roledescription=\"slide\" aria-label=\"3 sur 7\"><figure class=\"swiper-slide-inner\"><img decoding=\"async\" class=\"swiper-slide-image\" src=\"https:\/\/www.villa-berlioz-hotel-lyon.com\/wp-content\/uploads\/elementor\/thumbs\/chambre-confort-2-qn6mciathmqba4dbtngb8fpveto91xew8a4v8wpz94.jpg\" alt=\"chambre-confort-2.jpg\" \/><\/figure><\/div><div class=\"swiper-slide\" role=\"group\" aria-roledescription=\"slide\" aria-label=\"4 sur 7\"><figure class=\"swiper-slide-inner\"><img decoding=\"async\" class=\"swiper-slide-image\" src=\"https:\/\/www.villa-berlioz-hotel-lyon.com\/wp-content\/uploads\/elementor\/thumbs\/petit-dejeuner-villa-berlioz-lyon-4-qn6mctkvrn5r5fwxzsbu2cvejg4nmano9typ08996g.jpg\" alt=\"petit-dejeuner-villa-berlioz-lyon-4.jpg\" \/><\/figure><\/div><div class=\"swiper-slide\" role=\"group\" aria-roledescription=\"slide\" aria-label=\"5 sur 7\"><figure class=\"swiper-slide-inner\"><img decoding=\"async\" class=\"swiper-slide-image\" src=\"https:\/\/www.villa-berlioz-hotel-lyon.com\/wp-content\/uploads\/elementor\/thumbs\/villa-berlioz-4-qn6mcm268yvgkk7v7p2tierpsd5pwpttksqt60kek8.jpg\" alt=\"villa-berlioz-4.jpg\" \/><\/figure><\/div><div class=\"swiper-slide\" role=\"group\" aria-roledescription=\"slide\" aria-label=\"6 sur 7\"><figure class=\"swiper-slide-inner\"><img decoding=\"async\" class=\"swiper-slide-image\" src=\"https:\/\/www.villa-berlioz-hotel-lyon.com\/wp-content\/uploads\/elementor\/thumbs\/petit-dejeuner-prp9mzym4jc8ordh5qsbhfr8eznf59yfgzz8duy1mg.jpg\" alt=\"Petit d\u00e9jeuner - Villa Berlioz\" \/><\/figure><\/div><div class=\"swiper-slide\" role=\"group\" aria-roledescription=\"slide\" aria-label=\"7 sur 7\"><figure class=\"swiper-slide-inner\"><img decoding=\"async\" class=\"swiper-slide-image\" src=\"https:\/\/www.villa-berlioz-hotel-lyon.com\/wp-content\/uploads\/elementor\/thumbs\/chambre-double-4-prp8b9pn3e035kpbv42avhcmimwgakh3krfn41ppko.jpg\" alt=\"Chambre double - H\u00f4tel Villa Berlioz Lyon\" \/><\/figure><\/div>\t\t\t<\/div>\n\t\t\t\t\t\t\t\t\t\t\t\t<div class=\"elementor-swiper-button elementor-swiper-button-prev\" role=\"button\" tabindex=\"0\">\n\t\t\t\t\t\t<svg xmlns=\"http:\/\/www.w3.org\/2000\/svg\" width=\"100pt\" height=\"100pt\" viewBox=\"0 0 100 100\"><path d=\"m50 5c-24.898 0-45 20.102-45 45s20.102 45 45 45 45-20.102 45-45-20.102-45-45-45zm18.398 65.699c0.60156 0.60156 0.60156 1.6016 0.19922 2.3008 0 0-1.5 3.1016-4.5 6.1016s-6.1016 4.5-6.1016 4.5c-0.69922 0.39844-1.6992 0.39844-2.3008-0.19922l-32-32c-0.80078-0.80078-0.80078-2 0-2.8008l32-32c0.60156-0.60156 1.6016-0.60156 2.3008-0.19922 0 0 3.1016 1.5 6.1016 4.5s4.5 6.1016 4.5 6.1016c0.39844 0.69922 0.39844 1.6992-0.19922 2.3008l-20.699 20.695z\" fill=\"#fff\"><\/path><\/svg>\t\t\t\t\t<\/div>\n\t\t\t\t\t<div class=\"elementor-swiper-button elementor-swiper-button-next\" role=\"button\" tabindex=\"0\">\n\t\t\t\t\t\t<svg xmlns=\"http:\/\/www.w3.org\/2000\/svg\" width=\"100pt\" height=\"100pt\" viewBox=\"0 0 100 100\"><path d=\"m50 5c-24.898 0-45 20.102-45 45s20.102 45 45 45 45-20.102 45-45-20.102-45-45-45zm26.398 46.398-32 32c-0.60156 0.60156-1.6016 0.60156-2.3008 0.19922 0 0-3.1016-1.5-6.1016-4.5s-4.5-6.1016-4.5-6.1016c-0.39844-0.69922-0.39844-1.6992 0.19922-2.3008l20.605-20.695-20.699-20.699c-0.60156-0.60156-0.60156-1.6016-0.19922-2.3008 0 0 1.5-3.1016 4.5-6.1016s6.1016-4.5 6.1016-4.5c0.69922-0.39844 1.6992-0.39844 2.3008 0.19922l32 32c0.89453 0.80078 0.89453 2.0039 0.09375 2.8008z\" fill=\"#fff\"><\/path><\/svg>\t\t\t\t\t<\/div>\n\t\t\t\t\n\t\t\t\t\t\t\t\t\t<\/div>\n\t\t\t\t\t\t<\/div>\n\t\t\t\t<\/div>\n\t\t\t\t<div class=\"elementor-element elementor-element-73f9cd6 elementor-widget elementor-widget-heading\" data-id=\"73f9cd6\" data-element_type=\"widget\" data-e-type=\"widget\" data-widget_type=\"heading.default\">\n\t\t\t\t<div class=\"elementor-widget-container\">\n\t\t\t\t\t<h2 class=\"elementor-heading-title elementor-size-default\">Acc\u00e8s imm\u00e9diat au tramway et au r\u00e9seau de transports TCL<\/h2>\t\t\t\t<\/div>\n\t\t\t\t<\/div>\n\t\t\t\t<div class=\"elementor-element elementor-element-f6425db elementor-widget elementor-widget-text-editor\" data-id=\"f6425db\" data-element_type=\"widget\" data-e-type=\"widget\" data-widget_type=\"text-editor.default\">\n\t\t\t\t<div class=\"elementor-widget-container\">\n\t\t\t\t\t\t\t\t\t<p>En plus d\u2019\u00eatre un h\u00f4tel proche de la gare Perrache, l\u2019\u00e9tablissement b\u00e9n\u00e9ficie d\u2019un <strong>acc\u00e8s direct au r\u00e9seau TCL.<\/strong><br \/>Les lignes de tramway <strong>T1 et T2<\/strong>, accessibles \u00e0 proximit\u00e9 imm\u00e9diate, permettent de rejoindre rapidement :<\/p><ul><li aria-level=\"1\">la place Bellecour,<\/li><li aria-level=\"1\">le quartier Confluence,<\/li><li aria-level=\"1\">la gare Part-Dieu,<\/li><li aria-level=\"1\">les zones universitaires et culturelles de Lyon.<\/li><\/ul><p><br \/>Cette excellente desserte permet de <strong>s\u00e9journer \u00e0 Lyon sans voiture<\/strong>, tout en \u00e9vitant les contraintes de stationnement.<\/p>\t\t\t\t\t\t\t\t<\/div>\n\t\t\t\t<\/div>\n\t\t\t\t<div class=\"elementor-element elementor-element-9fd0bc0 elementor-widget elementor-widget-image-carousel\" data-id=\"9fd0bc0\" data-element_type=\"widget\" data-e-type=\"widget\" data-settings=\"{&quot;slides_to_show&quot;:&quot;3&quot;,&quot;slides_to_scroll&quot;:&quot;1&quot;,&quot;navigation&quot;:&quot;none&quot;,&quot;image_spacing_custom&quot;:{&quot;unit&quot;:&quot;px&quot;,&quot;size&quot;:10,&quot;sizes&quot;:[]},&quot;autoplay&quot;:&quot;yes&quot;,&quot;pause_on_hover&quot;:&quot;yes&quot;,&quot;pause_on_interaction&quot;:&quot;yes&quot;,&quot;autoplay_speed&quot;:5000,&quot;infinite&quot;:&quot;yes&quot;,&quot;speed&quot;:500,&quot;image_spacing_custom_tablet&quot;:{&quot;unit&quot;:&quot;px&quot;,&quot;size&quot;:&quot;&quot;,&quot;sizes&quot;:[]},&quot;image_spacing_custom_mobile&quot;:{&quot;unit&quot;:&quot;px&quot;,&quot;size&quot;:&quot;&quot;,&quot;sizes&quot;:[]}}\" data-widget_type=\"image-carousel.default\">\n\t\t\t\t<div class=\"elementor-widget-container\">\n\t\t\t\t\t\t\t<div class=\"elementor-image-carousel-wrapper swiper\" role=\"region\" aria-roledescription=\"carousel\" aria-label=\"Carrousel d\u2019images\" dir=\"ltr\">\n\t\t\t<div class=\"elementor-image-carousel swiper-wrapper\" aria-live=\"off\">\n\t\t\t\t\t\t\t\t<div class=\"swiper-slide\" role=\"group\" aria-roledescription=\"slide\" aria-label=\"1 sur 3\"><figure class=\"swiper-slide-inner\"><img decoding=\"async\" class=\"swiper-slide-image\" src=\"https:\/\/www.villa-berlioz-hotel-lyon.com\/wp-content\/uploads\/elementor\/thumbs\/hotel-villa-berlioz-place-bellecour-lyon-rhxt3lwjniq0q67go1yfrncs0nw6n8i50in45f1e7g.webp\" alt=\"Place Bellecour a Lyon avec statue equestre et vue sur la colline de Fourviere\" \/><\/figure><\/div><div class=\"swiper-slide\" role=\"group\" aria-roledescription=\"slide\" aria-label=\"2 sur 3\"><figure class=\"swiper-slide-inner\"><img decoding=\"async\" class=\"swiper-slide-image\" src=\"https:\/\/www.villa-berlioz-hotel-lyon.com\/wp-content\/uploads\/elementor\/thumbs\/hotel-villa-berlioz-quartier-confluence-lyon-rhxt8hod5jen19455nxo7wzz3pttmmvy0omww5srvw.webp\" alt=\"Quartier Confluence a Lyon avec architecture moderne, commerces et espaces publics\" \/><\/figure><\/div><div class=\"swiper-slide\" role=\"group\" aria-roledescription=\"slide\" aria-label=\"3 sur 3\"><figure class=\"swiper-slide-inner\"><img decoding=\"async\" class=\"swiper-slide-image\" src=\"https:\/\/www.villa-berlioz-hotel-lyon.com\/wp-content\/uploads\/elementor\/thumbs\/hotel-villa-berlioz-gare-part-dieu-lyon-rhxtfmaazb5x2srej8utmm8t9wp1006nzyqgwp8ap8.webp\" alt=\"Fa\u00e7ade de la gare Part-Dieu a Lyon avec entree principale et eclairage nocturne\" \/><\/figure><\/div>\t\t\t<\/div>\n\t\t\t\t\t\t\t\n\t\t\t\t\t\t\t\t\t<\/div>\n\t\t\t\t\t\t<\/div>\n\t\t\t\t<\/div>\n\t\t\t\t<div class=\"elementor-element elementor-element-8678bc9 elementor-widget elementor-widget-heading\" data-id=\"8678bc9\" data-element_type=\"widget\" data-e-type=\"widget\" data-widget_type=\"heading.default\">\n\t\t\t\t<div class=\"elementor-widget-container\">\n\t\t\t\t\t<h2 class=\"elementor-heading-title elementor-size-default\">Le quartier Perrache, un emplacement central pour visiter Lyon<\/h2>\t\t\t\t<\/div>\n\t\t\t\t<\/div>\n\t\t\t\t<div class=\"elementor-element elementor-element-7db4f9d elementor-widget elementor-widget-text-editor\" data-id=\"7db4f9d\" data-element_type=\"widget\" data-e-type=\"widget\" data-widget_type=\"text-editor.default\">\n\t\t\t\t<div class=\"elementor-widget-container\">\n\t\t\t\t\t\t\t\t\t<p>Le quartier Perrache est un <strong>carrefour strat\u00e9gique entre la Presqu\u2019\u00eele, Confluence et le centre historique.<\/strong><br \/>Depuis l\u2019H\u00f4tel Villa Berlioz Lyon, il est possible de rejoindre facilement :<\/p><ul><li aria-level=\"1\">La place Bellecour,<\/li><li aria-level=\"1\">Les quais du Rh\u00f4ne et de la Sa\u00f4ne,<\/li><li aria-level=\"1\">Les mus\u00e9es et commerces du centre-ville,<\/li><li aria-level=\"1\">Les restaurants et espaces culturels de Lyon.<\/li><\/ul><p><br \/>Cet emplacement central fait de l\u2019h\u00f4tel un <strong>point de d\u00e9part id\u00e9al pour un s\u00e9jour touristique ou un week-end \u00e0 Lyon.<\/strong><\/p>\t\t\t\t\t\t\t\t<\/div>\n\t\t\t\t<\/div>\n\t\t\t\t<div class=\"elementor-element elementor-element-c6e380b elementor-widget elementor-widget-image\" data-id=\"c6e380b\" data-element_type=\"widget\" data-e-type=\"widget\" data-widget_type=\"image.default\">\n\t\t\t\t<div class=\"elementor-widget-container\">\n\t\t\t\t\t\t\t\t\t\t\t\t\t\t\t<img fetchpriority=\"high\" decoding=\"async\" width=\"800\" height=\"534\" src=\"https:\/\/www.villa-berlioz-hotel-lyon.com\/wp-content\/uploads\/accueil\/lyon-quais-saone-eglise-saint-georges-passerelle-hotel-villa-berlioz-1024x683.webp\" class=\"attachment-large size-large wp-image-10108\" alt=\"Vue des quais de la Sa\u00f4ne \u00e0 Lyon avec l\u2019\u00e9glise Saint-Georges et la passerelle Saint-Georges sous un ciel bleu.\" srcset=\"https:\/\/www.villa-berlioz-hotel-lyon.com\/wp-content\/uploads\/accueil\/lyon-quais-saone-eglise-saint-georges-passerelle-hotel-villa-berlioz-1024x683.webp 1024w, https:\/\/www.villa-berlioz-hotel-lyon.com\/wp-content\/uploads\/accueil\/lyon-quais-saone-eglise-saint-georges-passerelle-hotel-villa-berlioz-300x200.webp 300w, https:\/\/www.villa-berlioz-hotel-lyon.com\/wp-content\/uploads\/accueil\/lyon-quais-saone-eglise-saint-georges-passerelle-hotel-villa-berlioz-768x512.webp 768w, https:\/\/www.villa-berlioz-hotel-lyon.com\/wp-content\/uploads\/accueil\/lyon-quais-saone-eglise-saint-georges-passerelle-hotel-villa-berlioz.webp 1200w\" sizes=\"(max-width: 800px) 100vw, 800px\" \/>\t\t\t\t\t\t\t\t\t\t\t\t\t\t\t<\/div>\n\t\t\t\t<\/div>\n\t\t\t\t<div class=\"elementor-element elementor-element-2b6c923 elementor-widget elementor-widget-heading\" data-id=\"2b6c923\" data-element_type=\"widget\" data-e-type=\"widget\" data-widget_type=\"heading.default\">\n\t\t\t\t<div class=\"elementor-widget-container\">\n\t\t\t\t\t<h2 class=\"elementor-heading-title elementor-size-default\">Un h\u00f4tel proche gare Perrache adapt\u00e9 aux voyageurs d\u2019affaires<\/h2>\t\t\t\t<\/div>\n\t\t\t\t<\/div>\n\t\t\t\t<div class=\"elementor-element elementor-element-461e1ac elementor-widget elementor-widget-text-editor\" data-id=\"461e1ac\" data-element_type=\"widget\" data-e-type=\"widget\" data-widget_type=\"text-editor.default\">\n\t\t\t\t<div class=\"elementor-widget-container\">\n\t\t\t\t\t\t\t\t\t<p>Pour les d\u00e9placements professionnels, choisir un <strong>h\u00f4tel proche de la gare Perrache \u00e0 Lyon<\/strong> est un v\u00e9ritable avantage.<br \/>La connexion rapide au tramway et aux axes de transport permet de rejoindre efficacement :<\/p><ul><li aria-level=\"1\">La gare Part-Dieu,<\/li><li aria-level=\"1\">Les centres de congr\u00e8s,<\/li><li aria-level=\"1\">Les quartiers d\u2019affaires lyonnais.<\/li><\/ul><p><br \/>Les voyageurs optimisent ainsi leur planning tout en profitant d\u2019un h\u00e9bergement confortable et bien situ\u00e9.<\/p>\t\t\t\t\t\t\t\t<\/div>\n\t\t\t\t<\/div>\n\t\t\t\t<div class=\"elementor-element elementor-element-7e653d6 elementor-widget elementor-widget-image\" data-id=\"7e653d6\" data-element_type=\"widget\" data-e-type=\"widget\" data-widget_type=\"image.default\">\n\t\t\t\t<div class=\"elementor-widget-container\">\n\t\t\t\t\t\t\t\t\t\t\t\t\t\t\t<img decoding=\"async\" width=\"800\" height=\"533\" src=\"https:\/\/www.villa-berlioz-hotel-lyon.com\/wp-content\/uploads\/actus\/gare-lyon-perrache-proximite-hotel-villa-berlioz.webp\" class=\"attachment-large size-large wp-image-10297\" alt=\"Gare de Lyon Perrache avec passerelle et batiment principal en centre-ville\" srcset=\"https:\/\/www.villa-berlioz-hotel-lyon.com\/wp-content\/uploads\/actus\/gare-lyon-perrache-proximite-hotel-villa-berlioz.webp 920w, https:\/\/www.villa-berlioz-hotel-lyon.com\/wp-content\/uploads\/actus\/gare-lyon-perrache-proximite-hotel-villa-berlioz-300x200.webp 300w, https:\/\/www.villa-berlioz-hotel-lyon.com\/wp-content\/uploads\/actus\/gare-lyon-perrache-proximite-hotel-villa-berlioz-768x512.webp 768w\" sizes=\"(max-width: 800px) 100vw, 800px\" \/>\t\t\t\t\t\t\t\t\t\t\t\t\t\t\t<\/div>\n\t\t\t\t<\/div>\n\t\t\t\t<div class=\"elementor-element elementor-element-bb44538 elementor-widget elementor-widget-heading\" data-id=\"bb44538\" data-element_type=\"widget\" data-e-type=\"widget\" data-widget_type=\"heading.default\">\n\t\t\t\t<div class=\"elementor-widget-container\">\n\t\t\t\t\t<h2 class=\"elementor-heading-title elementor-size-default\">Une accessibilit\u00e9 qui am\u00e9liore le confort du s\u00e9jour<\/h2>\t\t\t\t<\/div>\n\t\t\t\t<\/div>\n\t\t\t\t<div class=\"elementor-element elementor-element-3bf7530 elementor-widget elementor-widget-text-editor\" data-id=\"3bf7530\" data-element_type=\"widget\" data-e-type=\"widget\" data-widget_type=\"text-editor.default\">\n\t\t\t\t<div class=\"elementor-widget-container\">\n\t\t\t\t\t\t\t\t\t<p>La facilit\u00e9 de d\u00e9placement est un crit\u00e8re essentiel lors d\u2019un s\u00e9jour urbain.<br \/>En choisissant l\u2019H\u00f4tel Villa Berlioz Lyon, les clients b\u00e9n\u00e9ficient :<\/p><ul><li aria-level=\"1\">D\u2019une proximit\u00e9 imm\u00e9diate avec la gare Perrache,<\/li><li aria-level=\"1\">D\u2019un acc\u00e8s rapide aux transports en commun,<\/li><li aria-level=\"1\">D\u2019un emplacement central pour d\u00e9couvrir Lyon \u00e0 pied ou en tramway.<\/li><\/ul><p><br \/>Cette combinaison entre <strong>centralit\u00e9, accessibilit\u00e9 et confort<\/strong> contribue pleinement \u00e0 la qualit\u00e9 du s\u00e9jour.<\/p>\t\t\t\t\t\t\t\t<\/div>\n\t\t\t\t<\/div>\n\t\t\t\t<div class=\"elementor-element elementor-element-616955c elementor-arrows-position-inside elementor-widget elementor-widget-image-carousel\" data-id=\"616955c\" data-element_type=\"widget\" data-e-type=\"widget\" data-settings=\"{&quot;slides_to_show&quot;:&quot;2&quot;,&quot;slides_to_scroll&quot;:&quot;1&quot;,&quot;navigation&quot;:&quot;arrows&quot;,&quot;image_spacing_custom&quot;:{&quot;unit&quot;:&quot;px&quot;,&quot;size&quot;:10,&quot;sizes&quot;:[]},&quot;autoplay&quot;:&quot;yes&quot;,&quot;pause_on_hover&quot;:&quot;yes&quot;,&quot;pause_on_interaction&quot;:&quot;yes&quot;,&quot;autoplay_speed&quot;:5000,&quot;infinite&quot;:&quot;yes&quot;,&quot;speed&quot;:500,&quot;image_spacing_custom_tablet&quot;:{&quot;unit&quot;:&quot;px&quot;,&quot;size&quot;:&quot;&quot;,&quot;sizes&quot;:[]},&quot;image_spacing_custom_mobile&quot;:{&quot;unit&quot;:&quot;px&quot;,&quot;size&quot;:&quot;&quot;,&quot;sizes&quot;:[]}}\" data-widget_type=\"image-carousel.default\">\n\t\t\t\t<div class=\"elementor-widget-container\">\n\t\t\t\t\t\t\t<div class=\"elementor-image-carousel-wrapper swiper\" role=\"region\" aria-roledescription=\"carousel\" aria-label=\"Carrousel d\u2019images\" dir=\"ltr\">\n\t\t\t<div class=\"elementor-image-carousel swiper-wrapper\" aria-live=\"off\">\n\t\t\t\t\t\t\t\t<div class=\"swiper-slide\" role=\"group\" aria-roledescription=\"slide\" aria-label=\"1 sur 4\"><figure class=\"swiper-slide-inner\"><img decoding=\"async\" class=\"swiper-slide-image\" src=\"https:\/\/www.villa-berlioz-hotel-lyon.com\/wp-content\/uploads\/elementor\/thumbs\/photo-facade-min-qi028fbl6df42vicwc4qgu5ts51696uo5vl7f7p6p8.jpg\" alt=\"H\u00f4tel villa berlioz lyon centre\" \/><\/figure><\/div><div class=\"swiper-slide\" role=\"group\" aria-roledescription=\"slide\" aria-label=\"2 sur 4\"><figure class=\"swiper-slide-inner\"><img decoding=\"async\" class=\"swiper-slide-image\" src=\"https:\/\/www.villa-berlioz-hotel-lyon.com\/wp-content\/uploads\/elementor\/thumbs\/salle-petit-dejeuner-hotel-villa-berlioz-lyon-rfv1mc2cb94wif3cbwjfytu2wwi6mdxb3casr5nsj0.webp\" alt=\"Salle petit-d\u00e9jeuner de l\u2019H\u00f4tel Villa Berlioz \u00e0 Lyon avec d\u00e9coration moderne, miroirs ronds et chaises color\u00e9es.\" \/><\/figure><\/div><div class=\"swiper-slide\" role=\"group\" aria-roledescription=\"slide\" aria-label=\"3 sur 4\"><figure class=\"swiper-slide-inner\"><img decoding=\"async\" class=\"swiper-slide-image\" src=\"https:\/\/www.villa-berlioz-hotel-lyon.com\/wp-content\/uploads\/elementor\/thumbs\/hectors-bar-service-hotel-villa-berlioz-lyon-rfw82z1etpq5ouns5nzby2yldi1ilwiglebzgz4tgs.webp\" alt=\"Cocktails et boissons au comptoir de l\u2019Hector\u2019s Bar de l\u2019H\u00f4tel Villa Berlioz \u00e0 Lyon.\" \/><\/figure><\/div><div class=\"swiper-slide\" role=\"group\" aria-roledescription=\"slide\" aria-label=\"4 sur 4\"><figure class=\"swiper-slide-inner\"><img decoding=\"async\" class=\"swiper-slide-image\" src=\"https:\/\/www.villa-berlioz-hotel-lyon.com\/wp-content\/uploads\/elementor\/thumbs\/terrasse-hotel-villa-berlioz-lyon-rfv1j2kikyo275u0dzr2t5hgnqlaw7yuz6r3rki04s.webp\" alt=\"Terrasse ext\u00e9rieure de l\u2019H\u00f4tel Villa Berlioz \u00e0 Lyon, avec mobilier confortable, parasol et v\u00e9g\u00e9tation.\" \/><\/figure><\/div>\t\t\t<\/div>\n\t\t\t\t\t\t\t\t\t\t\t\t<div class=\"elementor-swiper-button elementor-swiper-button-prev\" role=\"button\" tabindex=\"0\">\n\t\t\t\t\t\t<svg xmlns=\"http:\/\/www.w3.org\/2000\/svg\" width=\"100pt\" height=\"100pt\" viewBox=\"0 0 100 100\"><path d=\"m50 5c-24.898 0-45 20.102-45 45s20.102 45 45 45 45-20.102 45-45-20.102-45-45-45zm18.398 65.699c0.60156 0.60156 0.60156 1.6016 0.19922 2.3008 0 0-1.5 3.1016-4.5 6.1016s-6.1016 4.5-6.1016 4.5c-0.69922 0.39844-1.6992 0.39844-2.3008-0.19922l-32-32c-0.80078-0.80078-0.80078-2 0-2.8008l32-32c0.60156-0.60156 1.6016-0.60156 2.3008-0.19922 0 0 3.1016 1.5 6.1016 4.5s4.5 6.1016 4.5 6.1016c0.39844 0.69922 0.39844 1.6992-0.19922 2.3008l-20.699 20.695z\" fill=\"#fff\"><\/path><\/svg>\t\t\t\t\t<\/div>\n\t\t\t\t\t<div class=\"elementor-swiper-button elementor-swiper-button-next\" role=\"button\" tabindex=\"0\">\n\t\t\t\t\t\t<svg xmlns=\"http:\/\/www.w3.org\/2000\/svg\" width=\"100pt\" height=\"100pt\" viewBox=\"0 0 100 100\"><path d=\"m50 5c-24.898 0-45 20.102-45 45s20.102 45 45 45 45-20.102 45-45-20.102-45-45-45zm26.398 46.398-32 32c-0.60156 0.60156-1.6016 0.60156-2.3008 0.19922 0 0-3.1016-1.5-6.1016-4.5s-4.5-6.1016-4.5-6.1016c-0.39844-0.69922-0.39844-1.6992 0.19922-2.3008l20.605-20.695-20.699-20.699c-0.60156-0.60156-0.60156-1.6016-0.19922-2.3008 0 0 1.5-3.1016 4.5-6.1016s6.1016-4.5 6.1016-4.5c0.69922-0.39844 1.6992-0.39844 2.3008 0.19922l32 32c0.89453 0.80078 0.89453 2.0039 0.09375 2.8008z\" fill=\"#fff\"><\/path><\/svg>\t\t\t\t\t<\/div>\n\t\t\t\t\n\t\t\t\t\t\t\t\t\t<\/div>\n\t\t\t\t\t\t<\/div>\n\t\t\t\t<\/div>\n\t\t\t\t\t<\/div>\n\t\t<\/div>\n\t\t\t\t\t<\/div>\n\t\t<\/section>\n\t\t\t\t<\/div>\n\t\t","protected":false},"excerpt":{"rendered":"<p>Choisir un h\u00f4tel proche de la gare Perrache permet de faciliter son s\u00e9jour \u00e0 Lyon d\u00e8s l\u2019arriv\u00e9e.<\/p>\n","protected":false},"author":8,"featured_media":9761,"comment_status":"closed","ping_status":"closed","sticky":false,"template":"","format":"standard","meta":{"_acf_changed":false,"footnotes":""},"categories":[152],"tags":[],"class_list":["post-10287","post","type-post","status-publish","format-standard","has-post-thumbnail","hentry","category-articles"],"acf":[],"_links":{"self":[{"href":"https:\/\/www.villa-berlioz-hotel-lyon.com\/fr\/wp-json\/wp\/v2\/posts\/10287","targetHints":{"allow":["GET"]}}],"collection":[{"href":"https:\/\/www.villa-berlioz-hotel-lyon.com\/fr\/wp-json\/wp\/v2\/posts"}],"about":[{"href":"https:\/\/www.villa-berlioz-hotel-lyon.com\/fr\/wp-json\/wp\/v2\/types\/post"}],"author":[{"embeddable":true,"href":"https:\/\/www.villa-berlioz-hotel-lyon.com\/fr\/wp-json\/wp\/v2\/users\/8"}],"replies":[{"embeddable":true,"href":"https:\/\/www.villa-berlioz-hotel-lyon.com\/fr\/wp-json\/wp\/v2\/comments?post=10287"}],"version-history":[{"count":48,"href":"https:\/\/www.villa-berlioz-hotel-lyon.com\/fr\/wp-json\/wp\/v2\/posts\/10287\/revisions"}],"predecessor-version":[{"id":10834,"href":"https:\/\/www.villa-berlioz-hotel-lyon.com\/fr\/wp-json\/wp\/v2\/posts\/10287\/revisions\/10834"}],"wp:featuredmedia":[{"embeddable":true,"href":"https:\/\/www.villa-berlioz-hotel-lyon.com\/fr\/wp-json\/wp\/v2\/media\/9761"}],"wp:attachment":[{"href":"https:\/\/www.villa-berlioz-hotel-lyon.com\/fr\/wp-json\/wp\/v2\/media?parent=10287"}],"wp:term":[{"taxonomy":"category","embeddable":true,"href":"https:\/\/www.villa-berlioz-hotel-lyon.com\/fr\/wp-json\/wp\/v2\/categories?post=10287"},{"taxonomy":"post_tag","embeddable":true,"href":"https:\/\/www.villa-berlioz-hotel-lyon.com\/fr\/wp-json\/wp\/v2\/tags?post=10287"}],"curies":[{"name":"wp","href":"https:\/\/api.w.org\/{rel}","templated":true}]}}