{"id":10190,"date":"2026-01-20T13:48:37","date_gmt":"2026-01-20T12:48:37","guid":{"rendered":"https:\/\/www.villa-berlioz-hotel-lyon.com\/?p=10190"},"modified":"2026-02-11T17:15:43","modified_gmt":"2026-02-11T16:15:43","slug":"sejour-familial-lyon-hotel-villa-berlioz","status":"publish","type":"post","link":"https:\/\/www.villa-berlioz-hotel-lyon.com\/fr\/sejour-familial-lyon-hotel-villa-berlioz\/","title":{"rendered":"S\u00e9jour en famille \u00e0 Lyon : d\u00e9tente et culture \u00e0 l\u2019H\u00f4tel Villa Berlioz"},"content":{"rendered":"\t\t<div data-elementor-type=\"wp-post\" data-elementor-id=\"10190\" class=\"elementor elementor-10190\" data-elementor-post-type=\"post\">\n\t\t\t\t\t\t<section class=\"elementor-section elementor-top-section elementor-element elementor-element-680df81 elementor-section-full_width elementor-section-height-default elementor-section-height-default\" data-id=\"680df81\" data-element_type=\"section\" data-e-type=\"section\">\n\t\t\t\t\t\t<div class=\"elementor-container elementor-column-gap-default\">\n\t\t\t\t\t<div class=\"elementor-column elementor-col-100 elementor-top-column elementor-element elementor-element-3ec3962\" data-id=\"3ec3962\" data-element_type=\"column\" data-e-type=\"column\">\n\t\t\t<div class=\"elementor-widget-wrap elementor-element-populated\">\n\t\t\t\t\t\t<div class=\"elementor-element elementor-element-58446c2 elementor-widget elementor-widget-text-editor\" data-id=\"58446c2\" data-element_type=\"widget\" data-e-type=\"widget\" data-widget_type=\"text-editor.default\">\n\t\t\t\t<div class=\"elementor-widget-container\">\n\t\t\t\t\t\t\t\t\t<h1>Un s\u00e9jour familial au c\u0153ur de Lyon \u00e0 l\u2019H\u00f4tel Villa Berlioz<\/h1><p>Organiser un <strong>s\u00e9jour en famille \u00e0 Lyon<\/strong> permet de combiner d\u00e9tente, d\u00e9couvertes culturelles et activit\u00e9s ludiques pour petits et grands.<br \/>En s\u00e9journant \u00e0 l\u2019<strong>H\u00f4tel Villa Berlioz Lyon<\/strong>, situ\u00e9 dans le quartier Perrache, vous b\u00e9n\u00e9ficiez d\u2019un emplacement central et bien desservi pour acc\u00e9der facilement aux principales activit\u00e9s familiales de la ville.<\/p><p>Parcs, mus\u00e9es interactifs, balades urbaines et espaces de d\u00e9tente font de Lyon une destination id\u00e9ale pour partager des moments inoubliables en famille.<\/p>\t\t\t\t\t\t\t\t<\/div>\n\t\t\t\t<\/div>\n\t\t\t\t<div class=\"elementor-element elementor-element-3d051cc elementor-widget elementor-widget-heading\" data-id=\"3d051cc\" data-element_type=\"widget\" data-e-type=\"widget\" data-widget_type=\"heading.default\">\n\t\t\t\t<div class=\"elementor-widget-container\">\n\t\t\t\t\t<h2 class=\"elementor-heading-title elementor-size-default\">Pourquoi choisir Lyon pour un s\u00e9jour en famille ?<\/h2>\t\t\t\t<\/div>\n\t\t\t\t<\/div>\n\t\t\t\t<div class=\"elementor-element elementor-element-27ed585 elementor-widget elementor-widget-text-editor\" data-id=\"27ed585\" data-element_type=\"widget\" data-e-type=\"widget\" data-widget_type=\"text-editor.default\">\n\t\t\t\t<div class=\"elementor-widget-container\">\n\t\t\t\t\t\t\t\t\t<p>Lyon est une ville particuli\u00e8rement adapt\u00e9e aux familles gr\u00e2ce \u00e0 :<\/p><ul><li aria-level=\"1\">Une offre culturelle accessible aux enfants,<\/li><li aria-level=\"1\">De nombreux espaces verts,<\/li><li aria-level=\"1\">Des transports en commun pratiques,<\/li><li aria-level=\"1\">Des activit\u00e9s \u00e9ducatives et ludiques.<\/li><\/ul><p><br \/>La ville permet de varier les plaisirs entre <strong>d\u00e9couvertes culturelles, loisirs en plein air et moments de repos<\/strong>, tout en restant facilement accessible.<\/p>\t\t\t\t\t\t\t\t<\/div>\n\t\t\t\t<\/div>\n\t\t\t\t<div class=\"elementor-element elementor-element-903614c elementor-arrows-position-inside elementor-widget elementor-widget-image-carousel\" data-id=\"903614c\" data-element_type=\"widget\" data-e-type=\"widget\" data-settings=\"{&quot;slides_to_show&quot;:&quot;3&quot;,&quot;slides_to_scroll&quot;:&quot;1&quot;,&quot;navigation&quot;:&quot;arrows&quot;,&quot;image_spacing_custom&quot;:{&quot;unit&quot;:&quot;px&quot;,&quot;size&quot;:10,&quot;sizes&quot;:[]},&quot;autoplay&quot;:&quot;yes&quot;,&quot;pause_on_hover&quot;:&quot;yes&quot;,&quot;pause_on_interaction&quot;:&quot;yes&quot;,&quot;autoplay_speed&quot;:5000,&quot;infinite&quot;:&quot;yes&quot;,&quot;speed&quot;:500,&quot;image_spacing_custom_tablet&quot;:{&quot;unit&quot;:&quot;px&quot;,&quot;size&quot;:&quot;&quot;,&quot;sizes&quot;:[]},&quot;image_spacing_custom_mobile&quot;:{&quot;unit&quot;:&quot;px&quot;,&quot;size&quot;:&quot;&quot;,&quot;sizes&quot;:[]}}\" data-widget_type=\"image-carousel.default\">\n\t\t\t\t<div class=\"elementor-widget-container\">\n\t\t\t\t\t\t\t<div class=\"elementor-image-carousel-wrapper swiper\" role=\"region\" aria-roledescription=\"carousel\" aria-label=\"Carrousel d\u2019images\" dir=\"ltr\">\n\t\t\t<div class=\"elementor-image-carousel swiper-wrapper\" aria-live=\"off\">\n\t\t\t\t\t\t\t\t<div class=\"swiper-slide\" role=\"group\" aria-roledescription=\"slide\" aria-label=\"1 sur 4\"><figure class=\"swiper-slide-inner\"><img decoding=\"async\" class=\"swiper-slide-image\" src=\"https:\/\/www.villa-berlioz-hotel-lyon.com\/wp-content\/uploads\/elementor\/thumbs\/lyon-pont-saone-coucher-soleil-rhxqhbpbiu9ed92v0cd13wg4fmhy8bljfym74jlebc.webp\" alt=\"Pont traversant la Saone a Lyon au coucher du soleil, proche de l\u2019Hotel Villa Berlioz\" \/><\/figure><\/div><div class=\"swiper-slide\" role=\"group\" aria-roledescription=\"slide\" aria-label=\"2 sur 4\"><figure class=\"swiper-slide-inner\"><img decoding=\"async\" class=\"swiper-slide-image\" src=\"https:\/\/www.villa-berlioz-hotel-lyon.com\/wp-content\/uploads\/elementor\/thumbs\/hotel-villa-berlioz-lyon-quais-saone-soir-rhxq97dihd582ivhfc022g7rosisqgd0nrq6vhmu2g.webp\" alt=\"Vue des quais de Saone a Lyon au crepuscule, a proximite de l\u2019Hotel Villa Berlioz\" \/><\/figure><\/div><div class=\"swiper-slide\" role=\"group\" aria-roledescription=\"slide\" aria-label=\"3 sur 4\"><figure class=\"swiper-slide-inner\"><img decoding=\"async\" class=\"swiper-slide-image\" src=\"https:\/\/www.villa-berlioz-hotel-lyon.com\/wp-content\/uploads\/elementor\/thumbs\/vue-lyon-fourviere-archange-saint-michel-hotel-villa-berlioz-rfv1qla0nbkf9utx9sc1p7r181f7567p2iccwk40c8.webp\" alt=\"Vue panoramique de Lyon depuis Fourvi\u00e8re avec la statue de l\u2019Archange Saint-Michel au premier plan.\" \/><\/figure><\/div><div class=\"swiper-slide\" role=\"group\" aria-roledescription=\"slide\" aria-label=\"4 sur 4\"><figure class=\"swiper-slide-inner\"><img decoding=\"async\" class=\"swiper-slide-image\" src=\"https:\/\/www.villa-berlioz-hotel-lyon.com\/wp-content\/uploads\/elementor\/thumbs\/lyon-quais-saone-eglise-saint-georges-passerelle-hotel-villa-berlioz-rfv1xul5f9i4xgacvxabydt6d5n8l112qfpcbhckag.webp\" alt=\"Vue des quais de la Sa\u00f4ne \u00e0 Lyon avec l\u2019\u00e9glise Saint-Georges et la passerelle Saint-Georges sous un ciel bleu.\" \/><\/figure><\/div>\t\t\t<\/div>\n\t\t\t\t\t\t\t\t\t\t\t\t<div class=\"elementor-swiper-button elementor-swiper-button-prev\" role=\"button\" tabindex=\"0\">\n\t\t\t\t\t\t<svg xmlns=\"http:\/\/www.w3.org\/2000\/svg\" width=\"100pt\" height=\"100pt\" viewBox=\"0 0 100 100\"><path d=\"m50 5c-24.898 0-45 20.102-45 45s20.102 45 45 45 45-20.102 45-45-20.102-45-45-45zm18.398 65.699c0.60156 0.60156 0.60156 1.6016 0.19922 2.3008 0 0-1.5 3.1016-4.5 6.1016s-6.1016 4.5-6.1016 4.5c-0.69922 0.39844-1.6992 0.39844-2.3008-0.19922l-32-32c-0.80078-0.80078-0.80078-2 0-2.8008l32-32c0.60156-0.60156 1.6016-0.60156 2.3008-0.19922 0 0 3.1016 1.5 6.1016 4.5s4.5 6.1016 4.5 6.1016c0.39844 0.69922 0.39844 1.6992-0.19922 2.3008l-20.699 20.695z\" fill=\"#fff\"><\/path><\/svg>\t\t\t\t\t<\/div>\n\t\t\t\t\t<div class=\"elementor-swiper-button elementor-swiper-button-next\" role=\"button\" tabindex=\"0\">\n\t\t\t\t\t\t<svg xmlns=\"http:\/\/www.w3.org\/2000\/svg\" width=\"100pt\" height=\"100pt\" viewBox=\"0 0 100 100\"><path d=\"m50 5c-24.898 0-45 20.102-45 45s20.102 45 45 45 45-20.102 45-45-20.102-45-45-45zm26.398 46.398-32 32c-0.60156 0.60156-1.6016 0.60156-2.3008 0.19922 0 0-3.1016-1.5-6.1016-4.5s-4.5-6.1016-4.5-6.1016c-0.39844-0.69922-0.39844-1.6992 0.19922-2.3008l20.605-20.695-20.699-20.699c-0.60156-0.60156-0.60156-1.6016-0.19922-2.3008 0 0 1.5-3.1016 4.5-6.1016s6.1016-4.5 6.1016-4.5c0.69922-0.39844 1.6992-0.39844 2.3008 0.19922l32 32c0.89453 0.80078 0.89453 2.0039 0.09375 2.8008z\" fill=\"#fff\"><\/path><\/svg>\t\t\t\t\t<\/div>\n\t\t\t\t\n\t\t\t\t\t\t\t\t\t<\/div>\n\t\t\t\t\t\t<\/div>\n\t\t\t\t<\/div>\n\t\t\t\t<div class=\"elementor-element elementor-element-625060c elementor-widget elementor-widget-heading\" data-id=\"625060c\" data-element_type=\"widget\" data-e-type=\"widget\" data-widget_type=\"heading.default\">\n\t\t\t\t<div class=\"elementor-widget-container\">\n\t\t\t\t\t<h2 class=\"elementor-heading-title elementor-size-default\">Des activit\u00e9s incontournables pour toute la famille \u00e0 Lyon<\/h2>\t\t\t\t<\/div>\n\t\t\t\t<\/div>\n\t\t\t\t<div class=\"elementor-element elementor-element-1d9cbd1 elementor-widget elementor-widget-heading\" data-id=\"1d9cbd1\" data-element_type=\"widget\" data-e-type=\"widget\" data-widget_type=\"heading.default\">\n\t\t\t\t<div class=\"elementor-widget-container\">\n\t\t\t\t\t<h3 class=\"elementor-heading-title elementor-size-default\">Le Parc de la T\u00eate d\u2019Or : nature et loisirs en plein c\u0153ur de Lyon<\/h3>\t\t\t\t<\/div>\n\t\t\t\t<\/div>\n\t\t\t\t<div class=\"elementor-element elementor-element-d8e2f8e elementor-widget elementor-widget-text-editor\" data-id=\"d8e2f8e\" data-element_type=\"widget\" data-e-type=\"widget\" data-widget_type=\"text-editor.default\">\n\t\t\t\t<div class=\"elementor-widget-container\">\n\t\t\t\t\t\t\t\t\t<p>Le <strong>Parc de la T\u00eate d&rsquo;Or<\/strong> est l\u2019un des lieux pr\u00e9f\u00e9r\u00e9s des familles lyonnaises.<br \/>Avec ses <strong>117 hectares<\/strong>, il propose :<\/p><ul><li>Des aires de jeux pour enfants,<\/li><li>Des balades \u00e0 pied ou \u00e0 v\u00e9lo,<\/li><li>Des promenades en barque sur le lac.<\/li><\/ul><p><br \/>Facilement accessible en transports en commun depuis l\u2019h\u00f4tel, c\u2019est une sortie id\u00e9ale pour une journ\u00e9e en famille.<\/p>\t\t\t\t\t\t\t\t<\/div>\n\t\t\t\t<\/div>\n\t\t\t\t<div class=\"elementor-element elementor-element-e590e78 elementor-widget elementor-widget-heading\" data-id=\"e590e78\" data-element_type=\"widget\" data-e-type=\"widget\" data-widget_type=\"heading.default\">\n\t\t\t\t<div class=\"elementor-widget-container\">\n\t\t\t\t\t<h3 class=\"elementor-heading-title elementor-size-default\">La Cit\u00e9 des Enfants au Mus\u00e9e des Confluences : apprendre en s\u2019amusant<\/h3>\t\t\t\t<\/div>\n\t\t\t\t<\/div>\n\t\t\t\t<div class=\"elementor-element elementor-element-d52e02c elementor-widget elementor-widget-text-editor\" data-id=\"d52e02c\" data-element_type=\"widget\" data-e-type=\"widget\" data-widget_type=\"text-editor.default\">\n\t\t\t\t<div class=\"elementor-widget-container\">\n\t\t\t\t\t\t\t\t\t<p>Situ\u00e9e au <strong>Mus\u00e9e des Confluences<\/strong>, la Cit\u00e9 des Enfants propose des espaces interactifs adapt\u00e9s aux plus jeunes.<br \/>Les enfants peuvent :<\/p><ul><li aria-level=\"1\">Manipuler,<\/li><li aria-level=\"1\">Exp\u00e9rimenter,<\/li><li aria-level=\"1\">D\u00e9couvrir les sciences de mani\u00e8re ludique.<br \/><br \/><\/li><\/ul><p>Une activit\u00e9 \u00e9ducative et stimulante, parfaite pour enrichir un s\u00e9jour familial \u00e0 Lyon.<\/p>\t\t\t\t\t\t\t\t<\/div>\n\t\t\t\t<\/div>\n\t\t\t\t<div class=\"elementor-element elementor-element-5e3253e elementor-widget elementor-widget-heading\" data-id=\"5e3253e\" data-element_type=\"widget\" data-e-type=\"widget\" data-widget_type=\"heading.default\">\n\t\t\t\t<div class=\"elementor-widget-container\">\n\t\t\t\t\t<h3 class=\"elementor-heading-title elementor-size-default\">Les traboules du Vieux Lyon : une aventure pour petits explorateurs<\/h3>\t\t\t\t<\/div>\n\t\t\t\t<\/div>\n\t\t\t\t<div class=\"elementor-element elementor-element-2776931 elementor-widget elementor-widget-text-editor\" data-id=\"2776931\" data-element_type=\"widget\" data-e-type=\"widget\" data-widget_type=\"text-editor.default\">\n\t\t\t\t<div class=\"elementor-widget-container\">\n\t\t\t\t\t\t\t\t\t<p>Les <strong>Traboules du Vieux Lyon<\/strong> offrent une exp\u00e9rience originale pour toute la famille.<br \/>Ces passages secrets, autrefois utilis\u00e9s par les canuts, permettent aujourd\u2019hui de :<\/p><ul><li aria-level=\"1\">D\u00e9couvrir l\u2019histoire de Lyon autrement,<\/li><li aria-level=\"1\">Transformer la visite en chasse au tr\u00e9sor,<\/li><li aria-level=\"1\">Explorer un quartier class\u00e9 au patrimoine mondial de l\u2019UNESCO.<\/li><\/ul>\t\t\t\t\t\t\t\t<\/div>\n\t\t\t\t<\/div>\n\t\t\t\t<div class=\"elementor-element elementor-element-12ec3d6 elementor-widget elementor-widget-image-carousel\" data-id=\"12ec3d6\" data-element_type=\"widget\" data-e-type=\"widget\" data-settings=\"{&quot;slides_to_show&quot;:&quot;3&quot;,&quot;slides_to_scroll&quot;:&quot;1&quot;,&quot;navigation&quot;:&quot;none&quot;,&quot;image_spacing_custom&quot;:{&quot;unit&quot;:&quot;px&quot;,&quot;size&quot;:10,&quot;sizes&quot;:[]},&quot;autoplay&quot;:&quot;yes&quot;,&quot;pause_on_hover&quot;:&quot;yes&quot;,&quot;pause_on_interaction&quot;:&quot;yes&quot;,&quot;autoplay_speed&quot;:5000,&quot;infinite&quot;:&quot;yes&quot;,&quot;speed&quot;:500,&quot;image_spacing_custom_tablet&quot;:{&quot;unit&quot;:&quot;px&quot;,&quot;size&quot;:&quot;&quot;,&quot;sizes&quot;:[]},&quot;image_spacing_custom_mobile&quot;:{&quot;unit&quot;:&quot;px&quot;,&quot;size&quot;:&quot;&quot;,&quot;sizes&quot;:[]}}\" data-widget_type=\"image-carousel.default\">\n\t\t\t\t<div class=\"elementor-widget-container\">\n\t\t\t\t\t\t\t<div class=\"elementor-image-carousel-wrapper swiper\" role=\"region\" aria-roledescription=\"carousel\" aria-label=\"Carrousel d\u2019images\" dir=\"ltr\">\n\t\t\t<div class=\"elementor-image-carousel swiper-wrapper\" aria-live=\"off\">\n\t\t\t\t\t\t\t\t<div class=\"swiper-slide\" role=\"group\" aria-roledescription=\"slide\" aria-label=\"1 sur 3\"><figure class=\"swiper-slide-inner\"><img decoding=\"async\" class=\"swiper-slide-image\" src=\"https:\/\/www.villa-berlioz-hotel-lyon.com\/wp-content\/uploads\/elementor\/thumbs\/hotel-villa-berlioz-parc-tete-or-lyon-vue-aerienne-rhxrl39j9g3bcdeb0hlf5embo4ls782lioha3nvf3g.webp\" alt=\"Vue aerienne du parc de la Tete d\u2019Or a Lyon avec lac, allees et espaces verts\" \/><\/figure><\/div><div class=\"swiper-slide\" role=\"group\" aria-roledescription=\"slide\" aria-label=\"2 sur 3\"><figure class=\"swiper-slide-inner\"><img decoding=\"async\" class=\"swiper-slide-image\" src=\"https:\/\/www.villa-berlioz-hotel-lyon.com\/wp-content\/uploads\/elementor\/thumbs\/hotel-villa-berlioz-traboules-vieux-lyon-cour-interieure-rhxrp8pvg3rwmdd7rs73nuwm4e5573jx387henptm4.webp\" alt=\"Cour interieure des traboules du Vieux Lyon avec passages vo\u00fbtes et murs anciens\" \/><\/figure><\/div><div class=\"swiper-slide\" role=\"group\" aria-roledescription=\"slide\" aria-label=\"3 sur 3\"><figure class=\"swiper-slide-inner\"><img decoding=\"async\" class=\"swiper-slide-image\" src=\"https:\/\/www.villa-berlioz-hotel-lyon.com\/wp-content\/uploads\/elementor\/thumbs\/cite-enfants-musee-confluences-lyon-rhxry58u6lyolefms4qvs40sos9b3vwdzao220ikoc.webp\" alt=\"Batiment du Musee des Confluences a Lyon abritant la Cite des Enfants\" \/><\/figure><\/div>\t\t\t<\/div>\n\t\t\t\t\t\t\t\n\t\t\t\t\t\t\t\t\t<\/div>\n\t\t\t\t\t\t<\/div>\n\t\t\t\t<\/div>\n\t\t\t\t<div class=\"elementor-element elementor-element-b40bd9d elementor-widget elementor-widget-heading\" data-id=\"b40bd9d\" data-element_type=\"widget\" data-e-type=\"widget\" data-widget_type=\"heading.default\">\n\t\t\t\t<div class=\"elementor-widget-container\">\n\t\t\t\t\t<h2 class=\"elementor-heading-title elementor-size-default\">Des moments de d\u00e9tente \u00e0 partager en famille<\/h2>\t\t\t\t<\/div>\n\t\t\t\t<\/div>\n\t\t\t\t<div class=\"elementor-element elementor-element-42a446f elementor-widget elementor-widget-heading\" data-id=\"42a446f\" data-element_type=\"widget\" data-e-type=\"widget\" data-widget_type=\"heading.default\">\n\t\t\t\t<div class=\"elementor-widget-container\">\n\t\t\t\t\t<h3 class=\"elementor-heading-title elementor-size-default\">Les berges du Rh\u00f4ne : promenade et d\u00e9tente<\/h3>\t\t\t\t<\/div>\n\t\t\t\t<\/div>\n\t\t\t\t<div class=\"elementor-element elementor-element-25e0f9d elementor-widget elementor-widget-text-editor\" data-id=\"25e0f9d\" data-element_type=\"widget\" data-e-type=\"widget\" data-widget_type=\"text-editor.default\">\n\t\t\t\t<div class=\"elementor-widget-container\">\n\t\t\t\t\t\t\t\t\t<p>Les <strong>Berges du Rh\u00f4ne<\/strong> sont id\u00e9ales pour se d\u00e9tendre apr\u00e8s une journ\u00e9e de visite.<br \/>On y trouve :<\/p><ul><li aria-level=\"1\">Des promenades pi\u00e9tonnes,<\/li><li aria-level=\"1\">Des pistes cyclables,<\/li><li aria-level=\"1\">Des aires de jeux pour enfants,<\/li><li aria-level=\"1\">Des espaces pour s\u2019asseoir et profiter de la vue.<br \/><br \/><\/li><\/ul><p>Un lieu agr\u00e9able et s\u00e9curis\u00e9 pour un moment de repos en famille.<\/p>\t\t\t\t\t\t\t\t<\/div>\n\t\t\t\t<\/div>\n\t\t\t\t<div class=\"elementor-element elementor-element-50ec9d7 elementor-widget elementor-widget-image\" data-id=\"50ec9d7\" data-element_type=\"widget\" data-e-type=\"widget\" data-widget_type=\"image.default\">\n\t\t\t\t<div class=\"elementor-widget-container\">\n\t\t\t\t\t\t\t\t\t\t\t\t\t\t\t<img fetchpriority=\"high\" decoding=\"async\" width=\"800\" height=\"533\" src=\"https:\/\/www.villa-berlioz-hotel-lyon.com\/wp-content\/uploads\/actus\/berges-rhone-lyon-automne.webp\" class=\"attachment-large size-large wp-image-10273\" alt=\"Berges du Rh\u00f4ne a Lyon avec piste pietonne, arbres aux couleurs d\u2019automne et riviere\" srcset=\"https:\/\/www.villa-berlioz-hotel-lyon.com\/wp-content\/uploads\/actus\/berges-rhone-lyon-automne.webp 920w, https:\/\/www.villa-berlioz-hotel-lyon.com\/wp-content\/uploads\/actus\/berges-rhone-lyon-automne-300x200.webp 300w, https:\/\/www.villa-berlioz-hotel-lyon.com\/wp-content\/uploads\/actus\/berges-rhone-lyon-automne-768x512.webp 768w\" sizes=\"(max-width: 800px) 100vw, 800px\" \/>\t\t\t\t\t\t\t\t\t\t\t\t\t\t\t<\/div>\n\t\t\t\t<\/div>\n\t\t\t\t<div class=\"elementor-element elementor-element-e3f6c8a elementor-widget elementor-widget-heading\" data-id=\"e3f6c8a\" data-element_type=\"widget\" data-e-type=\"widget\" data-widget_type=\"heading.default\">\n\t\t\t\t<div class=\"elementor-widget-container\">\n\t\t\t\t\t<h2 class=\"elementor-heading-title elementor-size-default\">Un h\u00f4tel adapt\u00e9 pour un s\u00e9jour familial \u00e0 Lyon<\/h2>\t\t\t\t<\/div>\n\t\t\t\t<\/div>\n\t\t\t\t<div class=\"elementor-element elementor-element-f97430b elementor-widget elementor-widget-text-editor\" data-id=\"f97430b\" data-element_type=\"widget\" data-e-type=\"widget\" data-widget_type=\"text-editor.default\">\n\t\t\t\t<div class=\"elementor-widget-container\">\n\t\t\t\t\t\t\t\t\t<p>Gr\u00e2ce \u00e0 sa localisation dans le quartier Perrache, l\u2019H\u00f4tel Villa Berlioz Lyon permet de :<\/p><ul><li aria-level=\"1\">Rejoindre rapidement les principales attractions,<\/li><li aria-level=\"1\">Limiter les temps de transport avec des enfants,<\/li><li aria-level=\"1\">Profiter d\u2019un environnement central et pratique.<br \/><br \/><\/li><\/ul><p>C\u2019est un point de d\u00e9part id\u00e9al pour organiser un <strong>s\u00e9jour en famille \u00e0 Lyon<\/strong>, alliant confort, accessibilit\u00e9 et d\u00e9couvertes.<\/p>\t\t\t\t\t\t\t\t<\/div>\n\t\t\t\t<\/div>\n\t\t\t\t<div class=\"elementor-element elementor-element-d5b6567 elementor-arrows-position-inside elementor-widget elementor-widget-image-carousel\" data-id=\"d5b6567\" data-element_type=\"widget\" data-e-type=\"widget\" data-settings=\"{&quot;slides_to_show&quot;:&quot;2&quot;,&quot;slides_to_scroll&quot;:&quot;1&quot;,&quot;navigation&quot;:&quot;arrows&quot;,&quot;image_spacing_custom&quot;:{&quot;unit&quot;:&quot;px&quot;,&quot;size&quot;:10,&quot;sizes&quot;:[]},&quot;autoplay&quot;:&quot;yes&quot;,&quot;pause_on_hover&quot;:&quot;yes&quot;,&quot;pause_on_interaction&quot;:&quot;yes&quot;,&quot;autoplay_speed&quot;:5000,&quot;infinite&quot;:&quot;yes&quot;,&quot;speed&quot;:500,&quot;image_spacing_custom_tablet&quot;:{&quot;unit&quot;:&quot;px&quot;,&quot;size&quot;:&quot;&quot;,&quot;sizes&quot;:[]},&quot;image_spacing_custom_mobile&quot;:{&quot;unit&quot;:&quot;px&quot;,&quot;size&quot;:&quot;&quot;,&quot;sizes&quot;:[]}}\" data-widget_type=\"image-carousel.default\">\n\t\t\t\t<div class=\"elementor-widget-container\">\n\t\t\t\t\t\t\t<div class=\"elementor-image-carousel-wrapper swiper\" role=\"region\" aria-roledescription=\"carousel\" aria-label=\"Carrousel d\u2019images\" dir=\"ltr\">\n\t\t\t<div class=\"elementor-image-carousel swiper-wrapper\" aria-live=\"off\">\n\t\t\t\t\t\t\t\t<div class=\"swiper-slide\" role=\"group\" aria-roledescription=\"slide\" aria-label=\"1 sur 3\"><figure class=\"swiper-slide-inner\"><img decoding=\"async\" class=\"swiper-slide-image\" src=\"https:\/\/www.villa-berlioz-hotel-lyon.com\/wp-content\/uploads\/elementor\/thumbs\/photo-facade-min-qi028fbl6df42vicwc4qgu5ts51696uo5vl7f7p6p8.jpg\" alt=\"H\u00f4tel villa berlioz lyon centre\" \/><\/figure><\/div><div class=\"swiper-slide\" role=\"group\" aria-roledescription=\"slide\" aria-label=\"2 sur 3\"><figure class=\"swiper-slide-inner\"><img decoding=\"async\" class=\"swiper-slide-image\" src=\"https:\/\/www.villa-berlioz-hotel-lyon.com\/wp-content\/uploads\/elementor\/thumbs\/hectors-bar-service-hotel-villa-berlioz-lyon-rfw82z1etpq5ouns5nzby2yldi1ilwiglebzgz4tgs.webp\" alt=\"Cocktails et boissons au comptoir de l\u2019Hector\u2019s Bar de l\u2019H\u00f4tel Villa Berlioz \u00e0 Lyon.\" \/><\/figure><\/div><div class=\"swiper-slide\" role=\"group\" aria-roledescription=\"slide\" aria-label=\"3 sur 3\"><figure class=\"swiper-slide-inner\"><img decoding=\"async\" class=\"swiper-slide-image\" src=\"https:\/\/www.villa-berlioz-hotel-lyon.com\/wp-content\/uploads\/elementor\/thumbs\/salle-petit-dejeuner-hotel-villa-berlioz-lyon-rfv1mc2cb94wif3cbwjfytu2wwi6mdxb3casr5nsj0.webp\" alt=\"Salle petit-d\u00e9jeuner de l\u2019H\u00f4tel Villa Berlioz \u00e0 Lyon avec d\u00e9coration moderne, miroirs ronds et chaises color\u00e9es.\" \/><\/figure><\/div>\t\t\t<\/div>\n\t\t\t\t\t\t\t\t\t\t\t\t<div class=\"elementor-swiper-button elementor-swiper-button-prev\" role=\"button\" tabindex=\"0\">\n\t\t\t\t\t\t<svg xmlns=\"http:\/\/www.w3.org\/2000\/svg\" width=\"100pt\" height=\"100pt\" viewBox=\"0 0 100 100\"><path d=\"m50 5c-24.898 0-45 20.102-45 45s20.102 45 45 45 45-20.102 45-45-20.102-45-45-45zm18.398 65.699c0.60156 0.60156 0.60156 1.6016 0.19922 2.3008 0 0-1.5 3.1016-4.5 6.1016s-6.1016 4.5-6.1016 4.5c-0.69922 0.39844-1.6992 0.39844-2.3008-0.19922l-32-32c-0.80078-0.80078-0.80078-2 0-2.8008l32-32c0.60156-0.60156 1.6016-0.60156 2.3008-0.19922 0 0 3.1016 1.5 6.1016 4.5s4.5 6.1016 4.5 6.1016c0.39844 0.69922 0.39844 1.6992-0.19922 2.3008l-20.699 20.695z\" fill=\"#fff\"><\/path><\/svg>\t\t\t\t\t<\/div>\n\t\t\t\t\t<div class=\"elementor-swiper-button elementor-swiper-button-next\" role=\"button\" tabindex=\"0\">\n\t\t\t\t\t\t<svg xmlns=\"http:\/\/www.w3.org\/2000\/svg\" width=\"100pt\" height=\"100pt\" viewBox=\"0 0 100 100\"><path d=\"m50 5c-24.898 0-45 20.102-45 45s20.102 45 45 45 45-20.102 45-45-20.102-45-45-45zm26.398 46.398-32 32c-0.60156 0.60156-1.6016 0.60156-2.3008 0.19922 0 0-3.1016-1.5-6.1016-4.5s-4.5-6.1016-4.5-6.1016c-0.39844-0.69922-0.39844-1.6992 0.19922-2.3008l20.605-20.695-20.699-20.699c-0.60156-0.60156-0.60156-1.6016-0.19922-2.3008 0 0 1.5-3.1016 4.5-6.1016s6.1016-4.5 6.1016-4.5c0.69922-0.39844 1.6992-0.39844 2.3008 0.19922l32 32c0.89453 0.80078 0.89453 2.0039 0.09375 2.8008z\" fill=\"#fff\"><\/path><\/svg>\t\t\t\t\t<\/div>\n\t\t\t\t\n\t\t\t\t\t\t\t\t\t<\/div>\n\t\t\t\t\t\t<\/div>\n\t\t\t\t<\/div>\n\t\t\t\t\t<\/div>\n\t\t<\/div>\n\t\t\t\t\t<\/div>\n\t\t<\/section>\n\t\t\t\t<\/div>\n\t\t","protected":false},"excerpt":{"rendered":"<p>Organiser un s\u00e9jour en famille \u00e0 Lyon permet de combiner d\u00e9tente, d\u00e9couvertes culturelles et activit\u00e9s ludiques pour petits et grands.<\/p>\n","protected":false},"author":8,"featured_media":10253,"comment_status":"closed","ping_status":"closed","sticky":false,"template":"","format":"standard","meta":{"_acf_changed":false,"footnotes":""},"categories":[152],"tags":[],"class_list":["post-10190","post","type-post","status-publish","format-standard","has-post-thumbnail","hentry","category-articles"],"acf":[],"_links":{"self":[{"href":"https:\/\/www.villa-berlioz-hotel-lyon.com\/fr\/wp-json\/wp\/v2\/posts\/10190","targetHints":{"allow":["GET"]}}],"collection":[{"href":"https:\/\/www.villa-berlioz-hotel-lyon.com\/fr\/wp-json\/wp\/v2\/posts"}],"about":[{"href":"https:\/\/www.villa-berlioz-hotel-lyon.com\/fr\/wp-json\/wp\/v2\/types\/post"}],"author":[{"embeddable":true,"href":"https:\/\/www.villa-berlioz-hotel-lyon.com\/fr\/wp-json\/wp\/v2\/users\/8"}],"replies":[{"embeddable":true,"href":"https:\/\/www.villa-berlioz-hotel-lyon.com\/fr\/wp-json\/wp\/v2\/comments?post=10190"}],"version-history":[{"count":74,"href":"https:\/\/www.villa-berlioz-hotel-lyon.com\/fr\/wp-json\/wp\/v2\/posts\/10190\/revisions"}],"predecessor-version":[{"id":10837,"href":"https:\/\/www.villa-berlioz-hotel-lyon.com\/fr\/wp-json\/wp\/v2\/posts\/10190\/revisions\/10837"}],"wp:featuredmedia":[{"embeddable":true,"href":"https:\/\/www.villa-berlioz-hotel-lyon.com\/fr\/wp-json\/wp\/v2\/media\/10253"}],"wp:attachment":[{"href":"https:\/\/www.villa-berlioz-hotel-lyon.com\/fr\/wp-json\/wp\/v2\/media?parent=10190"}],"wp:term":[{"taxonomy":"category","embeddable":true,"href":"https:\/\/www.villa-berlioz-hotel-lyon.com\/fr\/wp-json\/wp\/v2\/categories?post=10190"},{"taxonomy":"post_tag","embeddable":true,"href":"https:\/\/www.villa-berlioz-hotel-lyon.com\/fr\/wp-json\/wp\/v2\/tags?post=10190"}],"curies":[{"name":"wp","href":"https:\/\/api.w.org\/{rel}","templated":true}]}}